{"id":11781,"date":"2016-04-14T22:33:04","date_gmt":"2016-04-15T01:33:04","guid":{"rendered":"http:\/\/obispadodezaratecampana.org\/?p=11781"},"modified":"2016-04-14T22:33:04","modified_gmt":"2016-04-15T01:33:04","slug":"papa-francisco-catequesis-del-miercoles-13-de-abril","status":"publish","type":"post","link":"https:\/\/obispadodezaratecampana.org\/?p=11781","title":{"rendered":"Papa Francisco : Catequesis del mi\u00e9rcoles 13 de abril"},"content":{"rendered":"<p>Catequesis del Papa Francisco: YO QUIERO MISERICORDIA\u201d: LA LEALTAD DE UN CORAZ\u00d3N QUE SE ARREPIENTE Y VUELVE A SER FIEL A DIOS<\/p>\n<p>\u00abQueridos hermanos y hermanas, \u00a1buenos d\u00edas!<\/p>\n<p>Hemos escuchado el Evangelio de la llamada de Mateo. Mateo era un \u201cpublicano\u201d, es decir un cobrador de impuestos por parte del imperio romano, y por esto, considerado un pecador p\u00fablico. Pero Jes\u00fas lo llama a seguirlo y a convertirse en su disc\u00edpulo.<br \/>\nMateo acepta, y lo invita a cena en su casa junto a los disc\u00edpulos. (&#8230;)<br \/>\nLlamando a Mateo, Jes\u00fas muestra a los pecadores que no mira su pasado, a la condici\u00f3n social, a las convenciones exteriores, sino que m\u00e1s bien les abre un futuro nuevo. Una vez escuch\u00e9 un dicho hermoso: \u201cno hay santo sin pasado y no hay pecador sin futuro\u201d. Es bello esto. Esto es lo que hace Jes\u00fas. \u201cNo hay santo sin pasado, ni pecador sin futuro\u201d.<br \/>\nBasta responder a la invitaci\u00f3n con coraz\u00f3n humilde y sincero. La Iglesia no es una comunidad de perfectos, sino de disc\u00edpulos en camino, que siguen al Se\u00f1or porque se reconocen pecadores y necesitados de su perd\u00f3n. La vida cristiana, entonces, es escuela de humildad que se abre a la gracia.<br \/>\nUn comportamiento tal no es comprendido por quien tiene la presunci\u00f3n de creerse \u201cjusto\u201d y creerse mejor que los otros. Soberbia y orgullo no permiten reconocerse necesitados de salvaci\u00f3n, m\u00e1s bien, impiden ver el rostro misericordioso de Dios y de actuar con misericordia. Son un muro. La soberbia, el orgullo son un muro que impiden la relaci\u00f3n con Dios.<br \/>\nY sin embargo, la misi\u00f3n de Jes\u00fas es propio esta: ir en b\u00fasqueda de cada uno de nosotros, para sanar nuestras heridas y llamarnos a seguirlo con amor. Lo dice claramente: \u00abNo son los sanos los que tienen necesidad del m\u00e9dico, sino los enfermos\u00bb (v.12). \u00a1Jes\u00fas se presenta como un buen m\u00e9dico!<br \/>\n\u00c9l anuncia el Reino de Dios, y los signos de su venida son evidentes: \u00c9l sana las enfermedades, libera del miedo, de la muerte y del demonio. Frente a Jes\u00fas ning\u00fan pecador es excluido, porque el poder curador de Dios no conoce enfermedad que no pueda ser curada. Y esto nos debe dar confianza y abrir nuestro coraz\u00f3n al Se\u00f1or para que venga y nos cure. (&#8230;)<br \/>\nLlamando a los pecadores a su mesa, \u00c9l los cura restableci\u00e9ndolos en aquella vocaci\u00f3n que ellos cre\u00edan perdida y que los fariseos han olvidado: aquella de los invitados al banquete de Dios. Seg\u00fan la profec\u00eda de Isa\u00edas: \u00abEl Se\u00f1or de los ej\u00e9rcitos ofrecer\u00e1 a todos los pueblos sobre esta monta\u00f1a un banquete de manjares suculentos, un banquete de vinos a\u00f1ejados, de manjares suculentos, sustanciosos, de vinos a\u00f1ejados, decantados. Y se dir\u00e1 en aquel d\u00eda: Ah\u00ed est\u00e1 nuestro Dios, de quien esper\u00e1bamos la salvaci\u00f3n: es el Se\u00f1or, en quien nosotros esper\u00e1bamos; \u00a1alegr\u00e9monos y regocij\u00e9monos de su salvaci\u00f3n!\u00bb. (25, 6.9). As\u00ed dice Isa\u00edas.<br \/>\nSi los fariseos ven en los invitados s\u00f3lo pecadores y rechazan sentarse con ellos, Jes\u00fas por el contrario les recuerda que tambi\u00e9n ellos son comensales de Dios. De este modo, sentarse en la mesa con Jes\u00fas significa ser transformados por \u00c9l y salvados.<br \/>\nEn la comunidad cristiana la mesa de Jes\u00fas es doble: est\u00e1 la mesa de la Palabra y la mesa de la Eucarist\u00eda (cfr Dei Verbum, 21). Son estas las medicinas con las cuales el M\u00e9dico Divino nos cura y nos nutre. Con la primera -la Palabra- \u00c9l se revela y nos invita a un di\u00e1logo entre amigos. Jes\u00fas no ten\u00eda miedo de dialogar con los publicanos, los pecadores, las prostitutas, \u00c9l no ten\u00eda miedo, amaba a todos.<br \/>\nSu Palabra nos penetra y, como un bistur\u00ed, act\u00faa profundamente para liberarnos del mal que se anida en nuestra vida. A veces esta Palabra es dolorosa porque incide sobre hipocres\u00edas, desenmascara las falsas escusas, mete al desnudo las verdades escondidas; pero al mismo tiempo ilumina y purifica, da fuerza y esperanza, es un reconstituyente valioso en nuestro camino de fe.<br \/>\nLa Eucarist\u00eda, por su parte, nos nutre de la vida misma de Jes\u00fas y, como un poderoso remedio, renueva en modo misterioso continuamente la gracia de nuestro Bautismo. Acerc\u00e1ndose a la Eucarist\u00eda nosotros nos nutrimos del Cuerpo y la Sangre de Jes\u00fas, y sin embargo, viniendo a nosotros, \u00a1es Jes\u00fas que nos une a su Cuerpo!<br \/>\nConcluyendo aquel di\u00e1logo con los fariseos, Jes\u00fas les recuerda una palabra del profeta Oseas (6,6): \u00abVayan y aprendan qu\u00e9 significa: Yo quiero misericordia y no sacrificios\u00bb (Mt 9,13).<br \/>\n(&#8230;) El profeta insiste: \u201cYo quiero misericordia\u201d, es decir la lealtad de un coraz\u00f3n que reconoce los propios pecados, que se arrepiente y vuelve a ser fiel a la alianza con Dios, \u201cy no sacrificios\u201d: \u00a1sin un coraz\u00f3n arrepentido cada acci\u00f3n religiosa es ineficaz!<br \/>\nJes\u00fas aplica esta frase prof\u00e9tica tambi\u00e9n a las relaciones humanas: aquellos fariseos era muy religiosos en la forma, pero (&#8230;) no reconoc\u00edan la posibilidad de un arrepentimiento y por eso, de una curaci\u00f3n; no colocan en primer lugar la misericordia: siendo fieles custodios de la Ley, \u00a1demostraban no conocer el coraz\u00f3n de Dios! (&#8230;)<br \/>\nQueridos hermanos y hermanas, todos nosotros estamos invitados a la mesa del Se\u00f1or. Hagamos nuestra la invitaci\u00f3n de sentarnos al lado de \u00c9l junto a sus disc\u00edpulos. Aprendamos a mirar con misericordia y a reconocer en cada uno de ellos un comensal. Somos todos disc\u00edpulos que tienen necesidad de experimentar y vivir la palabra consoladora de Jes\u00fas. Tenemos todos necesidad de nutrirnos de la misericordia de Dios, porque es de esta fuente que brota nuestra salvaci\u00f3n\u00bb.<\/p>\n<p>(Traducci\u00f3n del italiano por Mercedes De La Torre \u2013 Radio Vaticano).<\/p>\n<p>Mi\u00e9rcoles 13 de abril del 2016<\/p>\n<!-- AddThis Advanced Settings generic via filter on the_content --><!-- AddThis Share Buttons generic via filter on the_content -->","protected":false},"excerpt":{"rendered":"<p>Catequesis del Papa Francisco: YO QUIERO MISERICORDIA\u201d: LA LEALTAD DE UN CORAZ\u00d3N QUE SE ARREPIENTE Y VUELVE A SER FIEL A DIOS \u00abQueridos hermanos y [&hellip;]<!-- AddThis Advanced Settings generic via filter on get_the_excerpt --><!-- AddThis Share Buttons generic via filter on get_the_excerpt --><\/p>\n","protected":false},"author":2,"featured_media":11782,"comment_status":"open","ping_status":"open","sticky":false,"template":"","format":"standard","meta":{"footnotes":""},"categories":[161],"tags":[],"class_list":["post-11781","post","type-post","status-publish","format-standard","has-post-thumbnail","hentry","category-el-papa-leonxiv"],"_links":{"self":[{"href":"https:\/\/obispadodezaratecampana.org\/index.php?rest_route=\/wp\/v2\/posts\/11781","targetHints":{"allow":["GET"]}}],"collection":[{"href":"https:\/\/obispadodezaratecampana.org\/index.php?rest_route=\/wp\/v2\/posts"}],"about":[{"href":"https:\/\/obispadodezaratecampana.org\/index.php?rest_route=\/wp\/v2\/types\/post"}],"author":[{"embeddable":true,"href":"https:\/\/obispadodezaratecampana.org\/index.php?rest_route=\/wp\/v2\/users\/2"}],"replies":[{"embeddable":true,"href":"https:\/\/obispadodezaratecampana.org\/index.php?rest_route=%2Fwp%2Fv2%2Fcomments&post=11781"}],"version-history":[{"count":1,"href":"https:\/\/obispadodezaratecampana.org\/index.php?rest_route=\/wp\/v2\/posts\/11781\/revisions"}],"predecessor-version":[{"id":11783,"href":"https:\/\/obispadodezaratecampana.org\/index.php?rest_route=\/wp\/v2\/posts\/11781\/revisions\/11783"}],"wp:featuredmedia":[{"embeddable":true,"href":"https:\/\/obispadodezaratecampana.org\/index.php?rest_route=\/wp\/v2\/media\/11782"}],"wp:attachment":[{"href":"https:\/\/obispadodezaratecampana.org\/index.php?rest_route=%2Fwp%2Fv2%2Fmedia&parent=11781"}],"wp:term":[{"taxonomy":"category","embeddable":true,"href":"https:\/\/obispadodezaratecampana.org\/index.php?rest_route=%2Fwp%2Fv2%2Fcategories&post=11781"},{"taxonomy":"post_tag","embeddable":true,"href":"https:\/\/obispadodezaratecampana.org\/index.php?rest_route=%2Fwp%2Fv2%2Ftags&post=11781"}],"curies":[{"name":"wp","href":"https:\/\/api.w.org\/{rel}","templated":true}]}}