{"id":11776,"date":"2016-04-14T22:21:59","date_gmt":"2016-04-15T01:21:59","guid":{"rendered":"http:\/\/obispadodezaratecampana.org\/?p=11776"},"modified":"2016-04-14T22:21:59","modified_gmt":"2016-04-15T01:21:59","slug":"nuestros-obispos-realizaron-un-gesto-en-el-ano-de-la-misericordia-en-nuestra-diocesis-de-zarate-campana","status":"publish","type":"post","link":"https:\/\/obispadodezaratecampana.org\/?p=11776","title":{"rendered":"Nuestros Obispos realizaron un : &#8220;GESTO EN EL A\u00d1O DE LA MISERICORDIA&#8221; en nuestra di\u00f3cesis de Z\u00e1rate &#8211; Campana"},"content":{"rendered":"<p><strong>11 al 15 de abril: \u00a0111\u00ba Asamblea Plenaria de la Conferencia Episcopal Argentina<\/strong><\/p>\n<p>El mi\u00e9rcoles 13 de abril por la ma\u00f1ana, los obispos realizaron un gesto en el A\u00f1o Santo de la Misericordia convocado por el Papa Francisco, visitando diversos lugares: c\u00e1rceles, centros de recuperaci\u00f3n de adictos, hogares de ancianos, discapacitados y para indigentes. El episcopado quiso unirse as\u00ed a la celebraci\u00f3n del Jubileo de la Misericordia a trav\u00e9s de un signo de cercan\u00eda y comuni\u00f3n con aquellos que m\u00e1s sufren para testimoniar la importancia de ser una Iglesia en salida llevando el amor de Cristo Resucitado.<\/p>\n<p>En este enlace pueden ver un video que refleja lo acontecido durante las visitas pastorales de nuestros Obispos:<\/p>\n<p><a title=\"video\" href=\"https:\/\/www.facebook.com\/prensacea\/videos\/vb.131506840264927\/1012719275477008\/?type=3&amp;theater\" target=\"_blank\">https:\/\/www.facebook.com\/prensacea\/videos\/vb.131506840264927\/1012719275477008\/?type=3&amp;theater<\/a><\/p>\n<p>&nbsp;<\/p>\n<p>&nbsp;<\/p>\n<!-- AddThis Advanced Settings generic via filter on the_content --><!-- AddThis Share Buttons generic via filter on the_content -->","protected":false},"excerpt":{"rendered":"<p>11 al 15 de abril: \u00a0111\u00ba Asamblea Plenaria de la Conferencia Episcopal Argentina El mi\u00e9rcoles 13 de abril por la ma\u00f1ana, los obispos realizaron un [&hellip;]<!-- AddThis Advanced Settings generic via filter on get_the_excerpt --><!-- AddThis Share Buttons generic via filter on get_the_excerpt --><\/p>\n","protected":false},"author":2,"featured_media":11777,"comment_status":"open","ping_status":"open","sticky":false,"template":"","format":"standard","meta":{"footnotes":""},"categories":[1],"tags":[],"class_list":["post-11776","post","type-post","status-publish","format-standard","has-post-thumbnail","hentry","category-noticiasdiocesanas"],"_links":{"self":[{"href":"https:\/\/obispadodezaratecampana.org\/index.php?rest_route=\/wp\/v2\/posts\/11776","targetHints":{"allow":["GET"]}}],"collection":[{"href":"https:\/\/obispadodezaratecampana.org\/index.php?rest_route=\/wp\/v2\/posts"}],"about":[{"href":"https:\/\/obispadodezaratecampana.org\/index.php?rest_route=\/wp\/v2\/types\/post"}],"author":[{"embeddable":true,"href":"https:\/\/obispadodezaratecampana.org\/index.php?rest_route=\/wp\/v2\/users\/2"}],"replies":[{"embeddable":true,"href":"https:\/\/obispadodezaratecampana.org\/index.php?rest_route=%2Fwp%2Fv2%2Fcomments&post=11776"}],"version-history":[{"count":1,"href":"https:\/\/obispadodezaratecampana.org\/index.php?rest_route=\/wp\/v2\/posts\/11776\/revisions"}],"predecessor-version":[{"id":11778,"href":"https:\/\/obispadodezaratecampana.org\/index.php?rest_route=\/wp\/v2\/posts\/11776\/revisions\/11778"}],"wp:featuredmedia":[{"embeddable":true,"href":"https:\/\/obispadodezaratecampana.org\/index.php?rest_route=\/wp\/v2\/media\/11777"}],"wp:attachment":[{"href":"https:\/\/obispadodezaratecampana.org\/index.php?rest_route=%2Fwp%2Fv2%2Fmedia&parent=11776"}],"wp:term":[{"taxonomy":"category","embeddable":true,"href":"https:\/\/obispadodezaratecampana.org\/index.php?rest_route=%2Fwp%2Fv2%2Fcategories&post=11776"},{"taxonomy":"post_tag","embeddable":true,"href":"https:\/\/obispadodezaratecampana.org\/index.php?rest_route=%2Fwp%2Fv2%2Ftags&post=11776"}],"curies":[{"name":"wp","href":"https:\/\/api.w.org\/{rel}","templated":true}]}}