{"id":11758,"date":"2016-04-14T13:17:48","date_gmt":"2016-04-14T16:17:48","guid":{"rendered":"http:\/\/obispadodezaratecampana.org\/?p=11758"},"modified":"2016-04-14T21:23:20","modified_gmt":"2016-04-15T00:23:20","slug":"16-y-17-de-abril-colecta-del-buen-pastor-para-el-sostenimiento-de-nuestro-seminario-diocesano","status":"publish","type":"post","link":"https:\/\/obispadodezaratecampana.org\/?p=11758","title":{"rendered":"16 y 17 de abril: COLECTA DEL BUEN PASTOR , para el sostenimiento de nuestro Seminario Diocesano"},"content":{"rendered":"<p style=\"font-weight: normal; color: rgb(20, 24, 35); text-align: center;\"><em><strong>DI\u00d3CESIS DE Z\u00c1RATE \u2013 CAMPANA.<\/strong><\/em><br \/>\n<em><strong>COLECTA DEL BUEN PASTOR 16 y 17 de abril.<\/strong><\/em><br \/>\n<em><strong>Para el sostenimiento de nuestro SEMINARIO DIOCESANO SAN PEDRO Y SAN PABLO.<\/strong><\/em><\/p>\n<p style=\"font-weight: normal; color: #141823;\">Compartimos el testimonio del Rector del Seminario: Pbro Hugo Lovatto sobre la colecta del Buen Pastor y agradecemos a todos los que puedan ayudarnos con la difusi\u00f3n:<\/p>\n<div class=\"text_exposed_show\" style=\"font-weight: normal; color: #141823;\">\n<p>\u201c El 17 de abril &#8211; cuarto domingo de Pascua &#8211; celebramos en la Iglesia la Jornada Mundial de Oraci\u00f3n por las Vocaciones. El mensaje del Papa Francisco con motivo de este acontecimiento tiene como lema: \u201c La Iglesia, madre de las vocaciones\u201d.<br \/>\nEn el , Francisco expresa que la Iglesia nace en todas las vocaciones, y todas las vocaciones que surgen en la Iglesia, est\u00e1n a su vez , al servicio de ella misma.<\/p>\n<p>Manifiesta adem\u00e1s el deseo que todos volvamos a redescubrir nuestra vocaci\u00f3n cristiana en primera instancia, y en funci\u00f3n de ella la vocaci\u00f3n particular a la cual Dios nos llama.<\/p>\n<p>Cabe destacar lo que se refiere a la Iglesia como madre: esta expresa su maternidad \u2013 entre otras maneras \u2013 a trav\u00e9s de la oraci\u00f3n perseverante por las vocaciones. Cuando la Iglesia reza, lo hace para que en su seno ellas estas surjan, nazcan y florezcan. Particularmente en esta celebraci\u00f3n se pedir\u00e1 al Se\u00f1or por las vocaciones religiosas y sacerdotales.<\/p>\n<p>En nuestra di\u00f3cesis de Z\u00e1rate \u2013 Campana, desde hace muchos a\u00f1os se ha elegido este d\u00eda para rezar y hacer la colecta material para el sostenimiento de los seminaristas que se forman en nuestro Seminario Diocesano San Pedro y San Pablo.<\/p>\n<p>Desde ya se agradece especialmente a quienes acompa\u00f1an con sus oraciones cotidianas y a aquellos que generosamente realizan su aporte monetario. \u201c<\/p>\n<p>Esta colecta se realiza en parroquias, capillas, colegios, etc , y es abierta a todas las personas de buena voluntad que quieran acercar su colaboraci\u00f3n. Tambi\u00e9n pueden realizarse dep\u00f3sitos y transferencias bancarias<\/p>\n<p style=\"text-align: center;\">Banco HSBC &#8211; Cta Cte 6133235124<br \/>\nCBU 1500613600061332351246<\/p>\n<p style=\"text-align: center;\">\nFacebook del Seminario para consultas:<a style=\"color: #3b5998;\" href=\"https:\/\/www.facebook.com\/seminariozaratecampana\/\">https:\/\/www.facebook.com\/seminariozaratecampana\/<\/a><\/p>\n<p style=\"text-align: center;\">\n<p style=\"text-align: center;\"><a href=\"http:\/\/obispadodezaratecampana.org\/wp-content\/uploads\/2016\/04\/12977129_1047607658666313_1059813889926594214_o.jpg\"><img fetchpriority=\"high\" decoding=\"async\" class=\"alignnone size-medium wp-image-11760\" src=\"http:\/\/obispadodezaratecampana.org\/wp-content\/uploads\/2016\/04\/12977129_1047607658666313_1059813889926594214_o-212x300.jpg\" alt=\"12977129_1047607658666313_1059813889926594214_o\" width=\"212\" height=\"300\" srcset=\"https:\/\/obispadodezaratecampana.org\/wp-content\/uploads\/2016\/04\/12977129_1047607658666313_1059813889926594214_o-212x300.jpg 212w, https:\/\/obispadodezaratecampana.org\/wp-content\/uploads\/2016\/04\/12977129_1047607658666313_1059813889926594214_o-723x1024.jpg 723w, https:\/\/obispadodezaratecampana.org\/wp-content\/uploads\/2016\/04\/12977129_1047607658666313_1059813889926594214_o.jpg 842w\" sizes=\"(max-width: 212px) 100vw, 212px\" \/><\/a><\/p>\n<\/div>\n<h2 style=\"text-align: justify;\"><\/h2>\n<h2 style=\"text-align: center;\"><\/h2>\n<!-- AddThis Advanced Settings generic via filter on the_content --><!-- AddThis Share Buttons generic via filter on the_content -->","protected":false},"excerpt":{"rendered":"<p>DI\u00d3CESIS DE Z\u00c1RATE \u2013 CAMPANA. COLECTA DEL BUEN PASTOR 16 y 17 de abril. Para el sostenimiento de nuestro SEMINARIO DIOCESANO SAN PEDRO Y SAN [&hellip;]<!-- AddThis Advanced Settings generic via filter on get_the_excerpt --><!-- AddThis Share Buttons generic via filter on get_the_excerpt --><\/p>\n","protected":false},"author":2,"featured_media":11760,"comment_status":"open","ping_status":"open","sticky":false,"template":"","format":"standard","meta":{"footnotes":""},"categories":[1],"tags":[],"class_list":["post-11758","post","type-post","status-publish","format-standard","has-post-thumbnail","hentry","category-noticiasdiocesanas"],"_links":{"self":[{"href":"https:\/\/obispadodezaratecampana.org\/index.php?rest_route=\/wp\/v2\/posts\/11758","targetHints":{"allow":["GET"]}}],"collection":[{"href":"https:\/\/obispadodezaratecampana.org\/index.php?rest_route=\/wp\/v2\/posts"}],"about":[{"href":"https:\/\/obispadodezaratecampana.org\/index.php?rest_route=\/wp\/v2\/types\/post"}],"author":[{"embeddable":true,"href":"https:\/\/obispadodezaratecampana.org\/index.php?rest_route=\/wp\/v2\/users\/2"}],"replies":[{"embeddable":true,"href":"https:\/\/obispadodezaratecampana.org\/index.php?rest_route=%2Fwp%2Fv2%2Fcomments&post=11758"}],"version-history":[{"count":4,"href":"https:\/\/obispadodezaratecampana.org\/index.php?rest_route=\/wp\/v2\/posts\/11758\/revisions"}],"predecessor-version":[{"id":11772,"href":"https:\/\/obispadodezaratecampana.org\/index.php?rest_route=\/wp\/v2\/posts\/11758\/revisions\/11772"}],"wp:featuredmedia":[{"embeddable":true,"href":"https:\/\/obispadodezaratecampana.org\/index.php?rest_route=\/wp\/v2\/media\/11760"}],"wp:attachment":[{"href":"https:\/\/obispadodezaratecampana.org\/index.php?rest_route=%2Fwp%2Fv2%2Fmedia&parent=11758"}],"wp:term":[{"taxonomy":"category","embeddable":true,"href":"https:\/\/obispadodezaratecampana.org\/index.php?rest_route=%2Fwp%2Fv2%2Fcategories&post=11758"},{"taxonomy":"post_tag","embeddable":true,"href":"https:\/\/obispadodezaratecampana.org\/index.php?rest_route=%2Fwp%2Fv2%2Ftags&post=11758"}],"curies":[{"name":"wp","href":"https:\/\/api.w.org\/{rel}","templated":true}]}}