{"id":11724,"date":"2016-04-03T22:32:25","date_gmt":"2016-04-04T01:32:25","guid":{"rendered":"http:\/\/obispadodezaratecampana.org\/?p=11724"},"modified":"2016-04-03T22:32:25","modified_gmt":"2016-04-04T01:32:25","slug":"francisco-es-verdad-la-misericordia-de-dios-es-eterna","status":"publish","type":"post","link":"https:\/\/obispadodezaratecampana.org\/?p=11724","title":{"rendered":"Francisco : &#8220;Es verdad, la misericordia de Dios es eterna &#8221;"},"content":{"rendered":"<p>El papa Francisco celebr\u00f3 en la ma\u00f1ana de hoy, Segundo Domingo de Pascua, la misa en la Fiesta de la Divina Misericordia, tras la solemne vigilia de oraci\u00f3n del primer s\u00e1bado de abril, en que tambi\u00e9n se record\u00f3 a san Juan Pablo II, en el d\u00eda en que se cumpl\u00edan once a\u00f1os de su fallecimiento. En la plaza de San Pedro, colmada de miles de fieles y peregrinos, el Pont\u00edfice explic\u00f3 en su homil\u00eda que \u201cser ap\u00f3stoles de misericordia significa tocar y acariciar las llagas de Jes\u00fas, presentes tambi\u00e9n hoy en el cuerpo y en el alma de muchos hermanos y hermanas suyos\u201d.<a href=\"http:\/\/obispadodezaratecampana.org\/wp-content\/uploads\/2016\/04\/942539_1214304425247260_2405320952993544561_n.jpg\"><img fetchpriority=\"high\" decoding=\"async\" class=\"size-medium wp-image-11725 aligncenter\" src=\"http:\/\/obispadodezaratecampana.org\/wp-content\/uploads\/2016\/04\/942539_1214304425247260_2405320952993544561_n-225x300.jpg\" alt=\"942539_1214304425247260_2405320952993544561_n\" width=\"225\" height=\"300\" srcset=\"https:\/\/obispadodezaratecampana.org\/wp-content\/uploads\/2016\/04\/942539_1214304425247260_2405320952993544561_n-225x300.jpg 225w, https:\/\/obispadodezaratecampana.org\/wp-content\/uploads\/2016\/04\/942539_1214304425247260_2405320952993544561_n.jpg 722w\" sizes=\"(max-width: 225px) 100vw, 225px\" \/><\/a><\/p>\n<p>\u201cEl Evangelio es el libro de la misericordia de Dios, para leer y releer, porque todo lo que Jes\u00fas ha dicho y hecho es expresi\u00f3n de la misericordia del Padre, subray\u00f3 Francisco y a\u00f1adi\u00f3 que este texto sagrado sigue siendo un libro abierto, en el que se siguen escribiendo los signos de los disc\u00edpulos de Cristo, gestos concretos de amor, que son el mejor testimonio de la misericordia. De ah\u00ed su exhortaci\u00f3n a ser, todos nosotros, \u201cescritores vivos del Evangelio, portadores de la Buena Noticia a todo hombre y mujer de hoy\u201d.<\/p>\n<p>Al celebrar tambi\u00e9n el Jubileo de las personas que se adhieren a la espiritualidad de la Divina Misericordia, el Papa explic\u00f3 que \u201ctoda enfermedad puede encontrar en la misericordia de Dios una ayuda eficaz\u201d, dijo para agregar a continuaci\u00f3n: \u201cDe hecho, su misericordia no se queda lejos: desea salir al encuentro de todas las pobrezas y liberar de tantas formas de esclavitud que afligen a nuestro mundo\u201d.<\/p>\n<p>El Papa indic\u00f3 que \u201ctodos estamos llamados a ser escritores vivos del Evangelio, portadores de la Buena Noticia a todo hombre y mujer de hoy\u201d y que \u201cel camino que el Se\u00f1or resucitado nos indica es de una sola v\u00eda, va en una \u00fanica direcci\u00f3n: salir de nosotros mismos, para dar testimonio de la fuerza sanadora del amor que nos ha conquistado\u201d.<\/p>\n<p><strong>Homil\u00eda del Santo Padre<\/strong><\/p>\n<p>\u201cMuchos otros signos, que no est\u00e1n escritos en este libro, hizo Jes\u00fas a la vista de los disc\u00edpulos\u201d (Jn 20,30). El Evangelio es el libro de la misericordia de Dios, para leer y releer, porque todo lo que Jes\u00fas ha dicho y hecho es expresi\u00f3n de la misericordia del Padre. Sin embargo, no todo fue escrito; el Evangelio de la misericordia contin\u00faa siendo un libro abierto, donde se siguen escribiendo los signos de los disc\u00edpulos de Cristo, gestos concretos de amor, que son el mejor testimonio de la misericordia. Todos estamos llamados a ser escritores vivos del Evangelio, portadores de la Buena Noticia a todo hombre y mujer de hoy. Lo podemos hacer realizando las obras de misericordia corporales y espirituales, que son el estilo de vida del cristiano. Por medio de estos gestos sencillos y fuertes, a veces hasta invisibles, podemos visitar a los necesitados, llev\u00e1ndoles la ternura y el consuelo de Dios. Se sigue as\u00ed aquello que cumpli\u00f3 Jes\u00fas en el d\u00eda de Pascua, cuando derram\u00f3 en los corazones de los disc\u00edpulos temerosos la misericordia del Padre, el Esp\u00edritu Santo que perdona los pecados y da la alegr\u00eda.<\/p>\n<p>Sin embargo, en el relato que hemos escuchado surge un contraste evidente: por un lado, est\u00e1 el miedo de los disc\u00edpulos que cierran las puertas de la casa; por otro lado, el mandato misionero de parte de Jes\u00fas, que los env\u00eda al mundo a llevar el anuncio del perd\u00f3n. Este contraste puede manifestarse tambi\u00e9n en nosotros, una lucha interior entre el coraz\u00f3n cerrado y la llamada del amor a abrir las puertas cerradas y a salir de nosotros mismos. Cristo, que por amor entr\u00f3 a trav\u00e9s de las puertas cerradas del pecado, de la muerte y del infierno, desea entrar tambi\u00e9n en cada uno para abrir de par en par las puertas cerradas del coraz\u00f3n. \u00c9l, que con la resurrecci\u00f3n venci\u00f3 el miedo y el temor que nos aprisiona, quiere abrir nuestras puertas cerradas y enviarnos. El camino que el Se\u00f1or resucitado nos indica es de una sola v\u00eda, va en una \u00fanica direcci\u00f3n: salir de nosotros mismos, para dar testimonio de la fuerza sanadora del amor que nos ha conquistado. Vemos ante nosotros una humanidad continuamente herida y temerosa, que tiene las cicatrices del dolor y de la incertidumbre. Ante el sufrido grito de misericordia y de paz, escuchamos hoy la invitaci\u00f3n esperanzadora que Jes\u00fas dirige a cada uno: \u201cComo el Padre me ha enviado, as\u00ed tambi\u00e9n os env\u00edo yo\u201d (v. 21).<\/p>\n<p>Toda enfermedad puede encontrar en la misericordia de Dios una ayuda eficaz. De hecho, su misericordia no se queda lejos: desea salir al encuentro de todas las pobrezas y liberar de tantas formas de esclavitud que afligen a nuestro mundo. Quiere llegar a las heridas de cada uno, para curarlas. Ser ap\u00f3stoles de misericordia significa tocar y acariciar sus llagas, presentes tambi\u00e9n hoy en el cuerpo y en el alma de muchos hermanos y hermanas suyos. Al curar estas heridas, confesamos a Jes\u00fas, lo hacemos presente y vivo; permitimos a otros que toquen su misericordia y que lo reconozcan como \u201cSe\u00f1or y Dios\u201d (cf. v. 28), como hizo el ap\u00f3stol Tom\u00e1s. Esta es la misi\u00f3n que se nos conf\u00eda. Muchas personas piden ser escuchadas y comprendidas. El Evangelio de la misericordia, para anunciarlo y escribirlo en la vida, busca personas con el coraz\u00f3n paciente y abierto, \u201cbuenos samaritanos\u201d que conocen la compasi\u00f3n y el silencio ante el misterio del hermano y de la hermana; pide siervos generosos y alegres que aman gratuitamente sin pretender nada a cambio.<\/p>\n<p>\u201cPaz a vosotros\u201d (v. 21): es el saludo que Cristo trae a sus disc\u00edpulos; es la misma paz, que esperan los hombres de nuestro tiempo. No es una paz negociada, no es la suspensi\u00f3n de algo malo: es su paz, la paz que procede del coraz\u00f3n del Resucitado, la paz que venci\u00f3 el pecado, la muerte y el miedo. Es la paz que no divide, sino que une; es la paz que no nos deja solos, sino que nos hace sentir acogidos y amados; es la paz que permanece en el dolor y hace florecer la esperanza. Esta paz, como en el d\u00eda de Pascua, nace y renace siempre desde el perd\u00f3n de Dios, que disipa la inquietud del coraz\u00f3n. Ser portadores de su paz: esta es la misi\u00f3n confiada a la Iglesia en el d\u00eda de Pascua. Hemos nacido en Cristo como instrumentos de reconciliaci\u00f3n, para llevar a todos el perd\u00f3n del Padre, para revelar su rostro de amor \u00fanico en los signos de la misericordia.<\/p>\n<p>En el Salmo responsorial se ha proclamado: \u201cSu amor es para siempre\u201d (117\/118,2). Es verdad, la misericordia de Dios es eterna; no termina, no se agota, no se rinde ante la adversidad y no se cansa jam\u00e1s. En este \u201cpara siempre\u201d encontramos consuelo en los momentos de prueba y de debilidad, porque estamos seguros que Dios no nos abandona. \u00c9l permanece con nosotros para siempre. Le agradecemos su amor tan inmenso, que no podemos comprender. Pidamos la gracia de no cansarnos nunca de acudir a la misericordia del Padre y de llevarla al mundo; pidamos ser nosotros mismos misericordiosos, para difundir en todas partes la fuerza del Evangelio.+<\/p>\n<p>Fuente : AICA 3 de abril 2016<\/p>\n<!-- AddThis Advanced Settings generic via filter on the_content --><!-- AddThis Share Buttons generic via filter on the_content -->","protected":false},"excerpt":{"rendered":"<p>El papa Francisco celebr\u00f3 en la ma\u00f1ana de hoy, Segundo Domingo de Pascua, la misa en la Fiesta de la Divina Misericordia, tras la solemne [&hellip;]<!-- AddThis Advanced Settings generic via filter on get_the_excerpt --><!-- AddThis Share Buttons generic via filter on get_the_excerpt --><\/p>\n","protected":false},"author":2,"featured_media":11726,"comment_status":"open","ping_status":"open","sticky":false,"template":"","format":"standard","meta":{"footnotes":""},"categories":[161],"tags":[],"class_list":["post-11724","post","type-post","status-publish","format-standard","has-post-thumbnail","hentry","category-el-papa-leonxiv"],"_links":{"self":[{"href":"https:\/\/obispadodezaratecampana.org\/index.php?rest_route=\/wp\/v2\/posts\/11724","targetHints":{"allow":["GET"]}}],"collection":[{"href":"https:\/\/obispadodezaratecampana.org\/index.php?rest_route=\/wp\/v2\/posts"}],"about":[{"href":"https:\/\/obispadodezaratecampana.org\/index.php?rest_route=\/wp\/v2\/types\/post"}],"author":[{"embeddable":true,"href":"https:\/\/obispadodezaratecampana.org\/index.php?rest_route=\/wp\/v2\/users\/2"}],"replies":[{"embeddable":true,"href":"https:\/\/obispadodezaratecampana.org\/index.php?rest_route=%2Fwp%2Fv2%2Fcomments&post=11724"}],"version-history":[{"count":1,"href":"https:\/\/obispadodezaratecampana.org\/index.php?rest_route=\/wp\/v2\/posts\/11724\/revisions"}],"predecessor-version":[{"id":11727,"href":"https:\/\/obispadodezaratecampana.org\/index.php?rest_route=\/wp\/v2\/posts\/11724\/revisions\/11727"}],"wp:featuredmedia":[{"embeddable":true,"href":"https:\/\/obispadodezaratecampana.org\/index.php?rest_route=\/wp\/v2\/media\/11726"}],"wp:attachment":[{"href":"https:\/\/obispadodezaratecampana.org\/index.php?rest_route=%2Fwp%2Fv2%2Fmedia&parent=11724"}],"wp:term":[{"taxonomy":"category","embeddable":true,"href":"https:\/\/obispadodezaratecampana.org\/index.php?rest_route=%2Fwp%2Fv2%2Fcategories&post=11724"},{"taxonomy":"post_tag","embeddable":true,"href":"https:\/\/obispadodezaratecampana.org\/index.php?rest_route=%2Fwp%2Fv2%2Ftags&post=11724"}],"curies":[{"name":"wp","href":"https:\/\/api.w.org\/{rel}","templated":true}]}}