{"id":11718,"date":"2016-04-02T19:07:31","date_gmt":"2016-04-02T22:07:31","guid":{"rendered":"http:\/\/obispadodezaratecampana.org\/?p=11718"},"modified":"2016-04-02T19:07:31","modified_gmt":"2016-04-02T22:07:31","slug":"9-de-abril-encuentro-con-cristo-misericordioso-campana","status":"publish","type":"post","link":"https:\/\/obispadodezaratecampana.org\/?p=11718","title":{"rendered":"9 de abril: Encuentro con Cristo Misericordioso &#8211; Campana"},"content":{"rendered":"<p><img fetchpriority=\"high\" decoding=\"async\" class=\"size-medium wp-image-11719 aligncenter\" src=\"http:\/\/obispadodezaratecampana.org\/wp-content\/uploads\/2016\/04\/11148744_863080747137488_4995870969350031060_n-300x213.jpg\" alt=\"11148744_863080747137488_4995870969350031060_n\" width=\"300\" height=\"213\" srcset=\"https:\/\/obispadodezaratecampana.org\/wp-content\/uploads\/2016\/04\/11148744_863080747137488_4995870969350031060_n-300x213.jpg 300w, https:\/\/obispadodezaratecampana.org\/wp-content\/uploads\/2016\/04\/11148744_863080747137488_4995870969350031060_n.jpg 960w\" sizes=\"(max-width: 300px) 100vw, 300px\" \/><\/p>\n<p>La Renovaci\u00f3n Carism\u00e1tica Cat\u00f3lica invita a un &#8220;Encuentro con Cristo Misericordioso&#8221; el s\u00e1bado 9 de abril en la Parroquia Ntra Sra del Carmen, de Campana (entre calles Balb\u00edn y Pueyrredon). Se desarrollar\u00e1 entre las 9 y 17 hs.<\/p>\n<p>Esta\u00a0Asamblea de Alabanza y Adoraci\u00f3n , ser\u00e1 guiada por el Equipo Coordinador Regional Platense.<\/p>\n<p>Perfil de facebook de la Renovaci\u00f3n Carismatica:\u00a0<a title=\"RCC \" href=\"https:\/\/www.facebook.com\/RccZarateCampana?fref=ts\" target=\"_blank\">https:\/\/www.facebook.com\/RccZarateCampana?fref=ts<\/a><\/p>\n<!-- AddThis Advanced Settings generic via filter on the_content --><!-- AddThis Share Buttons generic via filter on the_content -->","protected":false},"excerpt":{"rendered":"<p>La Renovaci\u00f3n Carism\u00e1tica Cat\u00f3lica invita a un &#8220;Encuentro con Cristo Misericordioso&#8221; el s\u00e1bado 9 de abril en la Parroquia Ntra Sra del Carmen, de Campana [&hellip;]<!-- AddThis Advanced Settings generic via filter on get_the_excerpt --><!-- AddThis Share Buttons generic via filter on get_the_excerpt --><\/p>\n","protected":false},"author":2,"featured_media":11719,"comment_status":"open","ping_status":"open","sticky":false,"template":"","format":"standard","meta":{"footnotes":""},"categories":[4],"tags":[],"class_list":["post-11718","post","type-post","status-publish","format-standard","has-post-thumbnail","hentry","category-movimientosinstituciones"],"_links":{"self":[{"href":"https:\/\/obispadodezaratecampana.org\/index.php?rest_route=\/wp\/v2\/posts\/11718","targetHints":{"allow":["GET"]}}],"collection":[{"href":"https:\/\/obispadodezaratecampana.org\/index.php?rest_route=\/wp\/v2\/posts"}],"about":[{"href":"https:\/\/obispadodezaratecampana.org\/index.php?rest_route=\/wp\/v2\/types\/post"}],"author":[{"embeddable":true,"href":"https:\/\/obispadodezaratecampana.org\/index.php?rest_route=\/wp\/v2\/users\/2"}],"replies":[{"embeddable":true,"href":"https:\/\/obispadodezaratecampana.org\/index.php?rest_route=%2Fwp%2Fv2%2Fcomments&post=11718"}],"version-history":[{"count":1,"href":"https:\/\/obispadodezaratecampana.org\/index.php?rest_route=\/wp\/v2\/posts\/11718\/revisions"}],"predecessor-version":[{"id":11720,"href":"https:\/\/obispadodezaratecampana.org\/index.php?rest_route=\/wp\/v2\/posts\/11718\/revisions\/11720"}],"wp:featuredmedia":[{"embeddable":true,"href":"https:\/\/obispadodezaratecampana.org\/index.php?rest_route=\/wp\/v2\/media\/11719"}],"wp:attachment":[{"href":"https:\/\/obispadodezaratecampana.org\/index.php?rest_route=%2Fwp%2Fv2%2Fmedia&parent=11718"}],"wp:term":[{"taxonomy":"category","embeddable":true,"href":"https:\/\/obispadodezaratecampana.org\/index.php?rest_route=%2Fwp%2Fv2%2Fcategories&post=11718"},{"taxonomy":"post_tag","embeddable":true,"href":"https:\/\/obispadodezaratecampana.org\/index.php?rest_route=%2Fwp%2Fv2%2Ftags&post=11718"}],"curies":[{"name":"wp","href":"https:\/\/api.w.org\/{rel}","templated":true}]}}