{"id":11690,"date":"2016-04-02T11:46:04","date_gmt":"2016-04-02T14:46:04","guid":{"rendered":"http:\/\/obispadodezaratecampana.org\/?p=11690"},"modified":"2016-04-02T11:46:04","modified_gmt":"2016-04-02T14:46:04","slug":"miercoles-de-9-a-11-hs-caritas-apoyo-escolar-en-zarate","status":"publish","type":"post","link":"https:\/\/obispadodezaratecampana.org\/?p=11690","title":{"rendered":"Mi\u00e9rcoles de 9 a 11 hs &#8211; Caritas : Apoyo Escolar en Z\u00e1rate"},"content":{"rendered":"<p>Todos los mi\u00e9rcoles de 9 a 11 hs desde la C\u00e1ritas parroquial de Ntra Sra de F\u00e1tima &#8211; Z\u00e1rate &#8211; \u00a0se brindan clases de apoyo escolar.<\/p>\n<p>Perfil de facebook:\u00a0<a title=\"clases\" href=\"https:\/\/www.facebook.com\/parroquia.fatima.7\/?fref=ts\" target=\"_blank\">https:\/\/www.facebook.com\/parroquia.fatima.7\/?fref=ts<\/a><\/p>\n<p><img fetchpriority=\"high\" decoding=\"async\" class=\" wp-image-11691 aligncenter\" src=\"http:\/\/obispadodezaratecampana.org\/wp-content\/uploads\/2016\/04\/12916148_1046046588789996_1760903949228772924_o-300x249.jpg\" alt=\"12916148_1046046588789996_1760903949228772924_o\" width=\"388\" height=\"322\" srcset=\"https:\/\/obispadodezaratecampana.org\/wp-content\/uploads\/2016\/04\/12916148_1046046588789996_1760903949228772924_o-300x249.jpg 300w, https:\/\/obispadodezaratecampana.org\/wp-content\/uploads\/2016\/04\/12916148_1046046588789996_1760903949228772924_o-1024x851.jpg 1024w, https:\/\/obispadodezaratecampana.org\/wp-content\/uploads\/2016\/04\/12916148_1046046588789996_1760903949228772924_o.jpg 1290w\" sizes=\"(max-width: 388px) 100vw, 388px\" \/><\/p>\n<!-- AddThis Advanced Settings generic via filter on the_content --><!-- AddThis Share Buttons generic via filter on the_content -->","protected":false},"excerpt":{"rendered":"<p>Todos los mi\u00e9rcoles de 9 a 11 hs desde la C\u00e1ritas parroquial de Ntra Sra de F\u00e1tima &#8211; Z\u00e1rate &#8211; \u00a0se brindan clases de apoyo [&hellip;]<!-- AddThis Advanced Settings generic via filter on get_the_excerpt --><!-- AddThis Share Buttons generic via filter on get_the_excerpt --><\/p>\n","protected":false},"author":2,"featured_media":11691,"comment_status":"open","ping_status":"open","sticky":false,"template":"","format":"standard","meta":{"footnotes":""},"categories":[3],"tags":[],"class_list":["post-11690","post","type-post","status-publish","format-standard","has-post-thumbnail","hentry","category-noticiasparroquiales"],"_links":{"self":[{"href":"https:\/\/obispadodezaratecampana.org\/index.php?rest_route=\/wp\/v2\/posts\/11690","targetHints":{"allow":["GET"]}}],"collection":[{"href":"https:\/\/obispadodezaratecampana.org\/index.php?rest_route=\/wp\/v2\/posts"}],"about":[{"href":"https:\/\/obispadodezaratecampana.org\/index.php?rest_route=\/wp\/v2\/types\/post"}],"author":[{"embeddable":true,"href":"https:\/\/obispadodezaratecampana.org\/index.php?rest_route=\/wp\/v2\/users\/2"}],"replies":[{"embeddable":true,"href":"https:\/\/obispadodezaratecampana.org\/index.php?rest_route=%2Fwp%2Fv2%2Fcomments&post=11690"}],"version-history":[{"count":1,"href":"https:\/\/obispadodezaratecampana.org\/index.php?rest_route=\/wp\/v2\/posts\/11690\/revisions"}],"predecessor-version":[{"id":11692,"href":"https:\/\/obispadodezaratecampana.org\/index.php?rest_route=\/wp\/v2\/posts\/11690\/revisions\/11692"}],"wp:featuredmedia":[{"embeddable":true,"href":"https:\/\/obispadodezaratecampana.org\/index.php?rest_route=\/wp\/v2\/media\/11691"}],"wp:attachment":[{"href":"https:\/\/obispadodezaratecampana.org\/index.php?rest_route=%2Fwp%2Fv2%2Fmedia&parent=11690"}],"wp:term":[{"taxonomy":"category","embeddable":true,"href":"https:\/\/obispadodezaratecampana.org\/index.php?rest_route=%2Fwp%2Fv2%2Fcategories&post=11690"},{"taxonomy":"post_tag","embeddable":true,"href":"https:\/\/obispadodezaratecampana.org\/index.php?rest_route=%2Fwp%2Fv2%2Ftags&post=11690"}],"curies":[{"name":"wp","href":"https:\/\/api.w.org\/{rel}","templated":true}]}}