{"id":11671,"date":"2016-03-27T18:29:42","date_gmt":"2016-03-27T21:29:42","guid":{"rendered":"http:\/\/obispadodezaratecampana.org\/?p=11671"},"modified":"2016-03-28T18:41:29","modified_gmt":"2016-03-28T21:41:29","slug":"dad-gracias-al-senor-porque-es-bueno-porque-es-eterna-su-misericordia-sal-1351","status":"publish","type":"post","link":"https:\/\/obispadodezaratecampana.org\/?p=11671","title":{"rendered":"\u00abDad gracias al Se\u00f1or porque es bueno . Porque es eterna su misericordia\u00bb (Sal 135,1)"},"content":{"rendered":"<p><img fetchpriority=\"high\" decoding=\"async\" class=\" wp-image-11673 aligncenter\" src=\"http:\/\/obispadodezaratecampana.org\/wp-content\/uploads\/2016\/03\/12928420_1110831372314212_3595207893360883648_n-300x150.jpg\" alt=\"12928420_1110831372314212_3595207893360883648_n\" width=\"408\" height=\"231\" \/><\/p>\n<p>(RV).- \u00abJesucristo, encarnaci\u00f3n de la misericordia de Dios, ha muerto en cruz por amor, y por amor ha resucitado. Por eso hoy proclamamos: \u00a1Jes\u00fas es el Se\u00f1or!\u00bb. Resuenan fuertes las palabras del Sucesor de Pedro pronunciadas desde el balc\u00f3n central de la Bas\u00edlica Vaticana, dirigidas a la Ciudad de Roma y al Mundo, en este 2016, A\u00f1o de la Misericordia.<\/p>\n<p>Despu\u00e9s de presidir la Santa Misa de Pascua, en una plaza de San Pedro repleta de peregrinos y fieles provenientes de diversas partes del mundo, decorada con flores para la ocasi\u00f3n, y de prodigar saludos y bendiciones a los fieles presentes en un breve recorrido con el Papam\u00f3vil, el Pont\u00edfice subi\u00f3 al balc\u00f3n central de la Bas\u00edlica de san Pedro para impartir su mensaje Urbi et Orbi en el a\u00f1o Jubilar de la Misericordia.<\/p>\n<p>Afirmando que \u201cla resurrecci\u00f3n de nuestro Se\u00f1or Jesucristo cumple la profec\u00eda del Salmo \u00abLa misericordia de Dios es eterna\u00bb, el padre y Pastor de la Iglesia Universal reiter\u00f3 que \u201cel amor de Jes\u00fas amor es para siempre, nunca muere\u201d, y, constatando las realidades de un mundo \u201clleno de personas que sufren en el cuerpo y en el esp\u00edritu\u201d, con \u201ccr\u00f3nicas diarias repletas de informes sobre delitos brutales\u201d, y de \u201cconflictos armados a gran escala\u201d, proclam\u00f3, una vez m\u00e1s, la esperanza que nos llega de Jes\u00fas Resucitado.<\/p>\n<p>El primer pensamiento del Papa fue a la querida Siria, \u201cpa\u00eds desgarrado por un largo conflicto, con su triste rastro de destrucci\u00f3n, muerte, desprecio por el derecho humanitario y la desintegraci\u00f3n de la convivencia civil\u201d. El pont\u00edfice encomend\u00f3 al poder del Se\u00f1or las conversaciones en curso para que se puedan recoger los frutos de paz y emprender la construcci\u00f3n de una sociedad fraterna.<\/p>\n<p>Un intercambio fecundo entre pueblos y culturas dese\u00f3 para las zonas de la cuenca del Mediterr\u00e1neo y de Medio Oriente, en particular en Irak, Yemen y Libia, como tambi\u00e9n la convivencia pac\u00edfica entre israel\u00edes y palestinos en Tierra Santa, a trav\u00e9s de \u201cun compromiso cotidiano de trabajar en la construcci\u00f3n de los cimientos de esa paz\u201d. Tambi\u00e9n rez\u00f3 por una soluci\u00f3n definitiva de la guerra en Ucrania, y para que \u201cel Se\u00f1or de la vida\u201d avive nuestra cercan\u00eda a las v\u00edctimas del terrorismo\u201d, esa \u201cforma ciega y brutal de violencia que no cesa de derramar sangre inocente en diferentes partes del mundo\u201d.<\/p>\n<p>Con un pensamiento particular puesto en Burundi, Mozambique, la Rep\u00fablica Democr\u00e1tica del Congo y en el Sud\u00e1n del Sur, el Obispo de Roma elev\u00f3 una plegaria para que el Se\u00f1or \u201clleve a buen t\u00e9rmino las perspectivas de paz en \u00c1frica\u201d, y dese\u00f3, asimismo, que el mensaje pascual \u201cse proyecte tambi\u00e9n sobre el pueblo venezolano, en las dif\u00edciles condiciones en las que vive, as\u00ed como sobre los que tienen en sus manos el destino del pa\u00eds, para que se trabaje en pos del bien com\u00fan, buscando formas de di\u00e1logo y colaboraci\u00f3n entre todos\u201d.<\/p>\n<p>Con los hermanos y hermanas emigrantes y refugiados que huyen de la guerra, el hambre, la pobreza y la injusticia social en su coraz\u00f3n, el Obispo de Roma dese\u00f3 que \u201cla pr\u00f3xima Cumbre Mundial Humanitaria no deje de poner en el centro a la persona humana\u201d.<\/p>\n<p>Tambi\u00e9n la tierra, nuestra casa com\u00fan, \u201cmaltratada y vilipendiada por una explotaci\u00f3n \u00e1vida de ganancias\u201d, en el mensaje del Papa de este 2016, con una particular menci\u00f3n a \u201clas zonas afectadas por los cambios clim\u00e1ticos que en ocasiones provoca sequ\u00eda o inundaciones, con las consiguientes crisis alimentarias\u201d.<\/p>\n<p>Por \u00faltimo, a todos los que han perdido toda esperanza y el gusto de vivir, a los ancianos abrumados que en la soledad sienten perder vigor, a los j\u00f3venes a quienes parece faltarles el futuro, el Vicario de Cristo proclam\u00f3 la esperanza del mensaje que nos da Jes\u00fas Resucitado: \u00abMira, hago nuevas todas las cosas&#8230; al que tenga sed yo le dar\u00e9 de la fuente del agua de la vida gratuitamente\u00bb (Ap 21,5-6).<\/p>\n<p>\u201cQue este mensaje consolador de Jes\u00fas nos ayude a todos nosotros a reanudar con mayor vigor la construcci\u00f3n de caminos de reconciliaci\u00f3n con Dios y con los hermanos\u201d.<\/p>\n<p>(GM \u2013 RV)<\/p>\n<p><strong>Texto \u00a0completo del Mensaje Urbi et Orbi del Papa Francisco en la Pascua 2016:<\/strong><\/p>\n<p>\u00abDad gracias al Se\u00f1or porque es bueno . Porque es eterna su misericordia\u00bb (Sal 135,1)<\/p>\n<p>Queridos hermanos y hermanas, \u00a1Feliz Pascua!<\/p>\n<p>Jesucristo, encarnaci\u00f3n de la misericordia de Dios, ha muerto en cruz por amor, y por amor ha resucitado. Por eso hoy proclamamos: \u00a1Jes\u00fas es el Se\u00f1or!<\/p>\n<p>Su resurrecci\u00f3n cumple plenamente la profec\u00eda del Salmo: \u00abLa misericordia de Dios es eterna\u00bb, su amor es para siempre, nunca muere. Podemos confiar totalmente en \u00e9l, y le damos gracias porque ha descendido por nosotros hasta el fondo del abismo.<\/p>\n<p>Ante las simas espirituales y morales de la humanidad, ante al vac\u00edo que se crea en el coraz\u00f3n y que provoca odio y muerte, solamente una infinita misericordia puede darnos la salvaci\u00f3n. S\u00f3lo Dios puede llenar con su amor este vac\u00edo, estas fosas, y hacer que no nos hundamos, y que podamos seguir avanzando juntos hacia la tierra de la libertad y de la vida.<\/p>\n<p>El anuncio gozoso de la Pascua: Jes\u00fas, el crucificado, \u00abno est\u00e1 aqu\u00ed, \u00a1ha resucitado!\u00bb (Mt 28,6), nos ofrece la certeza consoladora de que se ha salvado el abismo de la muerte y, con ello, ha quedado derrotado el luto, el llanto y la angustia (cf. Ap 21,4). El Se\u00f1or, que sufri\u00f3 el abandono de sus disc\u00edpulos, el peso de una condena injusta y la verg\u00fcenza de una muerte infame, nos hace ahora part\u00edcipes de su vida inmortal, y nos concede su mirada de ternura y compasi\u00f3n hacia los hambrientos y sedientos, los extranjeros y los encarcelados, los marginados y descartados, las v\u00edctimas del abuso y la violencia. El mundo est\u00e1 lleno de personas que sufren en el cuerpo y en el esp\u00edritu, mientras que las cr\u00f3nicas diarias est\u00e1n repletas de informes sobre delitos brutales, que a menudo se cometen en el \u00e1mbito dom\u00e9stico, y de conflictos armados a gran escala que someten a poblaciones enteras a pruebas indecibles.<\/p>\n<p>Cristo resucitado indica caminos de esperanza a la querida Siria, un pa\u00eds desgarrado por un largo conflicto, con su triste rastro de destrucci\u00f3n, muerte, desprecio por el derecho humanitario y la desintegraci\u00f3n de la convivencia civil. Encomendamos al poder del Se\u00f1or resucitado las conversaciones en curso, para que, con la buena voluntad y la cooperaci\u00f3n de todos, se puedan recoger frutos de paz y emprender la construcci\u00f3n una sociedad fraterna, respetuosa de la dignidad y los derechos de todos los ciudadanos. Que el mensaje de vida, proclamado por el \u00e1ngel junto a la piedra removida del sepulcro, aleje la dureza de nuestro coraz\u00f3n y promueva un intercambio fecundo entre pueblos y culturas en las zonas de la cuenca del Mediterr\u00e1neo y de Medio Oriente, en particular en Irak, Yemen y Libia. Que la imagen del hombre nuevo, que resplandece en el rostro de Cristo, fomente la convivencia entre israel\u00edes y palestinos en Tierra Santa, as\u00ed como la disponibilidad paciente y el compromiso cotidiano de trabajar en la construcci\u00f3n de los cimientos de una paz justa y duradera a trav\u00e9s de negociaciones directas y sinceras. Que el Se\u00f1or de la vida acompa\u00f1e los esfuerzos para alcanzar una soluci\u00f3n definitiva de la guerra en Ucrania, inspirando y apoyando tambi\u00e9n las iniciativas de ayuda humanitaria, incluida la de liberar a las personas detenidas.<\/p>\n<p>Que el Se\u00f1or Jes\u00fas, nuestra paz (cf. Ef 2,14), que con su resurrecci\u00f3n ha vencido el mal y el pecado, avive en esta fiesta de Pascua nuestra cercan\u00eda a las v\u00edctimas del terrorismo, esa forma ciega y brutal de violencia que no cesa de derramar sangre inocente en diferentes partes del mundo, como ha ocurrido en los recientes atentados en B\u00e9lgica, Turqu\u00eda, Nigeria, Chad, Camer\u00fan y Costa de Marfil; que lleve a buen t\u00e9rmino el fermento de esperanza y las perspectivas de paz en \u00c1frica; pienso, en particular, en Burundi, Mozambique, la Rep\u00fablica Democr\u00e1tica del Congo y en el Sud\u00e1n del Sur, lacerados por tensiones pol\u00edticas y sociales.<\/p>\n<p>Dios ha vencido el ego\u00edsmo y la muerte con las armas del amor; su Hijo, Jes\u00fas, es la puerta de la misericordia, abierta de par en par para todos. Que su mensaje pascual se proyecte cada vez m\u00e1s sobre el pueblo venezolano, en las dif\u00edciles condiciones en las que vive, as\u00ed como sobre los que tienen en sus manos el destino del pa\u00eds, para que se trabaje en pos del bien com\u00fan, buscando formas de di\u00e1logo y colaboraci\u00f3n entre todos. Y que se promueva en todo lugar la cultura del encuentro, la justicia y el respeto rec\u00edproco, lo \u00fanico que puede asegurar el bienestar espiritual y material de los ciudadanos.<\/p>\n<p>El Cristo resucitado, anuncio de vida para toda la humanidad que reverbera a trav\u00e9s de los siglos, nos invita a no olvidar a los hombres y las mujeres en camino para buscar un futuro mejor. Son una muchedumbre cada vez m\u00e1s grande de emigrantes y refugiados \u2014incluyendo muchos ni\u00f1os\u2014 que huyen de la guerra, el hambre, la pobreza y la injusticia social. Estos hermanos y hermanas nuestros, encuentran demasiado a menudo en su recorrido la muerte o, en todo caso, el rechazo de quien podr\u00edan ofrecerlos hospitalidad y ayuda. Que la cita de la pr\u00f3xima Cumbre Mundial Humanitaria no deje de poner en el centro a la persona humana, con su dignidad, y desarrollar pol\u00edticas capaces de asistir y proteger a las v\u00edctimas de conflictos y otras situaciones de emergencia, especialmente a los m\u00e1s vulnerables y los que son perseguidos por motivos \u00e9tnicos y religiosos.<\/p>\n<p>Que, en este d\u00eda glorioso, \u00abgoce tambi\u00e9n la tierra, inundada de tanta claridad\u00bb (Preg\u00f3n pascual), aunque sea tan maltratada y vilipendiada por una explotaci\u00f3n \u00e1vida de ganancias, que altera el equilibrio de la naturaleza. Pienso en particular a las zonas afectadas por los efectos del cambio clim\u00e1tico, que en ocasiones provoca sequ\u00eda o inundaciones, con las consiguientes crisis alimentarias en diferentes partes del planeta.<\/p>\n<p>Con nuestros hermanos y hermanas perseguidos por la fe y por su fidelidad al nombre de Cristo, y ante el mal que parece prevalecer en la vida de tantas personas, volvamos a escuchar las palabras consoladoras del Se\u00f1or: \u00abNo teng\u00e1is miedo. \u00a1Yo he vencido al mundo!\u00bb (Jn 16,33). Hoy es el d\u00eda brillante de esta victoria, porque Cristo ha derrotado a la muerte y su resurrecci\u00f3n ha hecho resplandecer la vida y la inmortalidad (cf. 2 Tm 1,10). \u00abNos sac\u00f3 de la esclavitud a la libertad, de la tristeza a la alegr\u00eda, del luto a la celebraci\u00f3n, de la oscuridad a la luz, de la servidumbre a la redenci\u00f3n. Por eso decimos ante \u00e9l: \u00a1Aleluya!\u00bb (Melit\u00f3n de Sardes, Homil\u00eda Pascual).<\/p>\n<p>A quienes en nuestras sociedades han perdido toda esperanza y el gusto de vivir, a los ancianos abrumados que en la soledad sienten perder vigor, a los j\u00f3venes a quienes parece faltarles el futuro, a todos dirijo una vez m\u00e1s las palabras del Se\u00f1or resucitado: \u00abMira, hago nuevas todas las cosas&#8230; al que tenga sed yo le dar\u00e9 de la fuente del agua de la vida gratuitamente\u00bb (Ap 21,5-6). Que este mensaje consolador de Jes\u00fas nos ayude a todos nosotros a reanudar con mayor vigor la construcci\u00f3n de caminos de reconciliaci\u00f3n con Dios y con los hermanos. \u00a1Tenemos tanta necesidad!<\/p>\n<p>Fuente: www.news.va &#8211; 27 de marzo<\/p>\n<p>&nbsp;<\/p>\n<!-- AddThis Advanced Settings generic via filter on the_content --><!-- AddThis Share Buttons generic via filter on the_content -->","protected":false},"excerpt":{"rendered":"<p>(RV).- \u00abJesucristo, encarnaci\u00f3n de la misericordia de Dios, ha muerto en cruz por amor, y por amor ha resucitado. Por eso hoy proclamamos: \u00a1Jes\u00fas es [&hellip;]<!-- AddThis Advanced Settings generic via filter on get_the_excerpt --><!-- AddThis Share Buttons generic via filter on get_the_excerpt --><\/p>\n","protected":false},"author":2,"featured_media":11672,"comment_status":"open","ping_status":"open","sticky":false,"template":"","format":"standard","meta":{"footnotes":""},"categories":[161],"tags":[],"class_list":["post-11671","post","type-post","status-publish","format-standard","has-post-thumbnail","hentry","category-el-papa-leonxiv"],"_links":{"self":[{"href":"https:\/\/obispadodezaratecampana.org\/index.php?rest_route=\/wp\/v2\/posts\/11671","targetHints":{"allow":["GET"]}}],"collection":[{"href":"https:\/\/obispadodezaratecampana.org\/index.php?rest_route=\/wp\/v2\/posts"}],"about":[{"href":"https:\/\/obispadodezaratecampana.org\/index.php?rest_route=\/wp\/v2\/types\/post"}],"author":[{"embeddable":true,"href":"https:\/\/obispadodezaratecampana.org\/index.php?rest_route=\/wp\/v2\/users\/2"}],"replies":[{"embeddable":true,"href":"https:\/\/obispadodezaratecampana.org\/index.php?rest_route=%2Fwp%2Fv2%2Fcomments&post=11671"}],"version-history":[{"count":1,"href":"https:\/\/obispadodezaratecampana.org\/index.php?rest_route=\/wp\/v2\/posts\/11671\/revisions"}],"predecessor-version":[{"id":11674,"href":"https:\/\/obispadodezaratecampana.org\/index.php?rest_route=\/wp\/v2\/posts\/11671\/revisions\/11674"}],"wp:featuredmedia":[{"embeddable":true,"href":"https:\/\/obispadodezaratecampana.org\/index.php?rest_route=\/wp\/v2\/media\/11672"}],"wp:attachment":[{"href":"https:\/\/obispadodezaratecampana.org\/index.php?rest_route=%2Fwp%2Fv2%2Fmedia&parent=11671"}],"wp:term":[{"taxonomy":"category","embeddable":true,"href":"https:\/\/obispadodezaratecampana.org\/index.php?rest_route=%2Fwp%2Fv2%2Fcategories&post=11671"},{"taxonomy":"post_tag","embeddable":true,"href":"https:\/\/obispadodezaratecampana.org\/index.php?rest_route=%2Fwp%2Fv2%2Ftags&post=11671"}],"curies":[{"name":"wp","href":"https:\/\/api.w.org\/{rel}","templated":true}]}}