{"id":11663,"date":"2016-03-25T23:50:40","date_gmt":"2016-03-26T02:50:40","guid":{"rendered":"http:\/\/obispadodezaratecampana.org\/?p=11663"},"modified":"2016-03-26T00:15:57","modified_gmt":"2016-03-26T03:15:57","slug":"el-papa-francisco-presidio-el-via-crucis-en-el-coliseo-romano","status":"publish","type":"post","link":"https:\/\/obispadodezaratecampana.org\/?p=11663","title":{"rendered":"El Papa Francisco presidi\u00f3 el V\u00eda Crucis en el Coliseo Romano"},"content":{"rendered":"<p><img fetchpriority=\"high\" decoding=\"async\" class=\"size-medium wp-image-11666 aligncenter\" src=\"http:\/\/obispadodezaratecampana.org\/wp-content\/uploads\/2016\/03\/12898322_980760411979611_356453158502413579_o-300x168.jpg\" alt=\"12898322_980760411979611_356453158502413579_o\" width=\"300\" height=\"168\" srcset=\"https:\/\/obispadodezaratecampana.org\/wp-content\/uploads\/2016\/03\/12898322_980760411979611_356453158502413579_o-300x168.jpg 300w, https:\/\/obispadodezaratecampana.org\/wp-content\/uploads\/2016\/03\/12898322_980760411979611_356453158502413579_o-1024x576.jpg 1024w, https:\/\/obispadodezaratecampana.org\/wp-content\/uploads\/2016\/03\/12898322_980760411979611_356453158502413579_o.jpg 1920w\" sizes=\"(max-width: 300px) 100vw, 300px\" \/><\/p>\n<p>&nbsp;<\/p>\n<p>El papa Francisco presidi\u00f3 este Viernes Santo, 25 de marzo, el rito del V\u00eda Crucis en el escenario imponente del Coliseo de Roma, en medio de medidas extraordinarias de seguridad, tras los atentados recientes en Bruselas. Los textos de las meditaciones y las oraciones de la V\u00eda Crucis fueron preparadas este a\u00f1o por el cardenal italiano Gualtiero Bassetti, arzobispo de Perugia sobre el tema: \u201cDios es misericordia\u201d.<\/p>\n<p>&nbsp;<\/p>\n<p><img decoding=\"async\" class=\"size-medium wp-image-11664 aligncenter\" src=\"http:\/\/obispadodezaratecampana.org\/wp-content\/uploads\/2016\/03\/12898325_980760548646264_3380555133137071930_o-300x168.jpg\" alt=\"12898325_980760548646264_3380555133137071930_o\" width=\"300\" height=\"168\" srcset=\"https:\/\/obispadodezaratecampana.org\/wp-content\/uploads\/2016\/03\/12898325_980760548646264_3380555133137071930_o-300x168.jpg 300w, https:\/\/obispadodezaratecampana.org\/wp-content\/uploads\/2016\/03\/12898325_980760548646264_3380555133137071930_o-1024x576.jpg 1024w, https:\/\/obispadodezaratecampana.org\/wp-content\/uploads\/2016\/03\/12898325_980760548646264_3380555133137071930_o.jpg 1920w\" sizes=\"(max-width: 300px) 100vw, 300px\" \/><\/p>\n<p><strong>14 Estaciones de Cristo entre los que sufren<\/strong><\/p>\n<p>&nbsp;<\/p>\n<p>Un Dios que refleja sus l\u00e1grimas de sufrimiento por sus hijos inocentes: los migrantes bloqueados en las fronteras, los cristianos perseguidos, los jud\u00edos en campos de concentraci\u00f3n, las familias divididas, los ni\u00f1os violados; pero que tambi\u00e9n mira con esperanza la conversi\u00f3n de los poderosos prepotentes que pisan a los inocentes y los d\u00e9biles. El Papa dej\u00f3 en el aire varias cuestiones para meditar: \u00bfD\u00f3nde est\u00e1 Dios en las minas y en las f\u00e1bricas donde trabajan ni\u00f1os como esclavos? \u00bfD\u00f3nde est\u00e1 Dios en las embarcaciones que se hunden en el Mediterr\u00e1neo?<\/p>\n<p>Fuente : Aleteia<\/p>\n<p>&nbsp;<\/p>\n<p><img decoding=\"async\" class=\"size-medium wp-image-11665 aligncenter\" src=\"http:\/\/obispadodezaratecampana.org\/wp-content\/uploads\/2016\/03\/12615187_980760501979602_6562518813363541759_o-300x168.jpg\" alt=\"12615187_980760501979602_6562518813363541759_o\" width=\"300\" height=\"168\" srcset=\"https:\/\/obispadodezaratecampana.org\/wp-content\/uploads\/2016\/03\/12615187_980760501979602_6562518813363541759_o-300x168.jpg 300w, https:\/\/obispadodezaratecampana.org\/wp-content\/uploads\/2016\/03\/12615187_980760501979602_6562518813363541759_o-1024x576.jpg 1024w, https:\/\/obispadodezaratecampana.org\/wp-content\/uploads\/2016\/03\/12615187_980760501979602_6562518813363541759_o.jpg 1920w\" sizes=\"(max-width: 300px) 100vw, 300px\" \/><\/p>\n<p>&nbsp;<\/p>\n<p>Al concluir el Via Crucis , el papa Francisco rez\u00f3 una oraci\u00f3n que escribi\u00f3 especialmente para esta ocasi\u00f3n titulada \u201cOh Cruz de Cristo\u201d.<\/p>\n<p style=\"text-align: center;\"><strong>Oraci\u00f3n del Papa : &#8220;Oh Cruz de Cristo&#8221;\u00a0<\/strong><\/p>\n<p><em>Oh Cruz de Cristo, s\u00edmbolo del amor divino y de la injusticia humana, icono del supremo sacrificio por amor y del extremo ego\u00edsmo por necedad, instrumento de muerte y v\u00eda de resurrecci\u00f3n, signo de la obediencia y emblema de la traici\u00f3n, pat\u00edbulo de la persecuci\u00f3n y estandarte de la victoria.<\/em> <em>Oh Cruz de Cristo, a\u00fan hoy te seguimos viendo alzada en nuestras hermanas y hermanos asesinados, quemados vivos, degollados y decapitados por las b\u00e1rbaras espadas y el silencio infame.<\/em> <em>Oh Cruz de Cristo, a\u00fan hoy te seguimos viendo en los rostros de los ni\u00f1os, de las mujeres y de las personas extenuadas y amedrentadas que huyen de las guerras y de la violencia, y que con frecuencia s\u00f3lo encuentran la muerte y a tantos Pilatos que se lavan las manos.<\/em> <em>Oh Cruz de Cristo, a\u00fan hoy te seguimos viendo en los doctores de la letra y no del esp\u00edritu, de la muerte y no de la vida, que en vez de ense\u00f1ar la misericordia y la vida, amenazan con el castigo y la muerte y condenan al justo.<\/em> <em>Oh Cruz de Cristo, a\u00fan hoy te seguimos viendo en los ministros infieles que, en vez de despojarse de sus propias ambiciones, despojan incluso a los inocentes de su propia dignidad.<\/em> <em>Oh Cruz de Cristo, a\u00fan hoy te seguimos viendo en los corazones endurecidos de los que juzgan c\u00f3modamente a los dem\u00e1s, corazones dispuestos a condenarlos incluso a la lapidaci\u00f3n, sin fijarse nunca en sus propios pecados y culpas.<\/em> <em>Oh Cruz de Cristo, a\u00fan hoy te seguimos viendo en los fundamentalismos y en el terrorismo de los seguidores de cierta religi\u00f3n que profanan el nombre de Dios y lo utilizan para justificar su inaudita violencia.<\/em> <em>Oh Cruz de Cristo, a\u00fan hoy te seguimos viendo en los que quieren quitarte de los lugares p\u00fablicos y excluirte de la vida p\u00fablica, en el nombre de un cierto paganismo laicista o incluso en el nombre de la igualdad que t\u00fa mismo nos has ense\u00f1ado.<\/em> <em>Oh Cruz de Cristo, a\u00fan hoy te seguimos viendo en los poderosos y en los vendedores de armas que alimentan los hornos de la guerra con la sangre inocente de los hermanos.<\/em> <em>Oh Cruz de Cristo, a\u00fan hoy te seguimos viendo en los traidores que por treinta denarios entregan a la muerte a cualquier persona.<\/em> <em>Oh Cruz de Cristo, a\u00fan hoy te seguimos viendo en los ladrones y en los corruptos que en vez de salvaguardar el bien com\u00fan y la \u00e9tica se venden en el miserable mercado de la inmoralidad.<\/em> <em>Oh Cruz de Cristo, a\u00fan hoy te seguimos viendo en los necios que construyen dep\u00f3sitos para conservar tesoros que perecen, dejando que L\u00e1zaro muera de hambre a sus puertas.<\/em> <em>Oh Cruz de Cristo, a\u00fan hoy te seguimos viendo en los destructores de nuestra \u00abcasa com\u00fan\u00bb que con ego\u00edsmo arruinan el futuro de las generaciones futuras.<\/em> <em>Oh Cruz de Cristo, a\u00fan hoy te seguimos viendo en los ancianos abandonados por sus propios familiares, en los discapacitados, en los ni\u00f1os desnutridos y descartados por nuestra sociedad ego\u00edsta e hip\u00f3crita.<\/em> <em>Oh Cruz de Cristo, a\u00fan hoy te seguimos viendo en nuestro mediterr\u00e1neo y en el Mar Egeo convertidos en un insaciable cementerio, imagen de nuestra conciencia insensible y anestesiada.<\/em> <em>Oh Cruz de Cristo, imagen del amor sin l\u00edmite y v\u00eda de la Resurrecci\u00f3n, a\u00fan hoy te seguimos viendo en las personas buenas y justas que hacen el bien sin buscar el aplauso o la admiraci\u00f3n de los dem\u00e1s.<\/em> <em>Oh Cruz de Cristo, a\u00fan hoy te seguimos viendo en los ministros fieles y humildes que alumbran la oscuridad de nuestra vida, como candelas que se consumen gratuitamente para iluminar la vida de los \u00faltimos.<\/em> <em>Oh Cruz de Cristo, a\u00fan hoy te seguimos viendo en el rostro de las religiosas y consagrados \u2013los buenos samaritanos\u2013 que lo dejan todo para vendar, en el silencio evang\u00e9lico, las llagas de la pobreza y de la injusticia.<\/em> <em>Oh Cruz de Cristo, a\u00fan hoy te seguimos viendo en los misericordiosos que encuentran en la misericordia la expresi\u00f3n m\u00e1s alta de la justicia y de la fe.<\/em> <em>Oh Cruz de Cristo, a\u00fan hoy te seguimos viendo en las personas sencillas que viven con gozo su fe en las cosas ordinarias y en el fiel cumplimiento de los mandamientos.<\/em> <em>Oh Cruz de Cristo, a\u00fan hoy te seguimos viendo en los arrepentidos que, desde la profundidad de la miseria de sus pecados, saben gritar: Se\u00f1or acu\u00e9rdate de m\u00ed cuando est\u00e9s en tu reino.<\/em> <em>Oh Cruz de Cristo, a\u00fan hoy te seguimos viendo en los beatos y en los santos que saben atravesar la oscuridad de la noche de la fe sin perder la confianza en ti y sin pretender entender tu silencio misterioso.<\/em> <em>Oh Cruz de Cristo, a\u00fan hoy te seguimos viendo en las familias que viven con fidelidad y fecundidad su vocaci\u00f3n matrimonial.<\/em> <em>Oh Cruz de Cristo, a\u00fan hoy te seguimos viendo en los voluntarios que socorren generosamente a los necesitados y maltratados.<\/em> <em>Oh Cruz de Cristo, a\u00fan hoy te seguimos viendo en los perseguidos por su fe que con su sufrimiento siguen dando testimonio aut\u00e9ntico de Jes\u00fas y del Evangelio.<\/em> <em>Oh Cruz de Cristo, a\u00fan hoy te seguimos viendo en los so\u00f1adores que viven con un coraz\u00f3n de ni\u00f1os y trabajan cada d\u00eda para hacer que el mundo sea un lugar mejor, m\u00e1s humano y m\u00e1s justo.<\/em> <em>En ti, Cruz Santa, vemos a Dios que ama hasta el extremo, y vemos el odio que domina y ciega el coraz\u00f3n y la mente de los que prefieren las tinieblas a la luz.<\/em> <em>Oh Cruz de Cristo, Arca de No\u00e9 que salv\u00f3 a la humanidad del diluvio del pecado, l\u00edbranos del mal y del maligno. Oh Trono de David y sello de la Alianza divina y eterna, despi\u00e9rtanos de las seducciones de la vanidad. Oh grito de amor, suscita en nosotros el deseo de Dios, del bien y de la luz.<\/em> <em>Oh Cruz de Cristo, ens\u00e9\u00f1anos que el alba del sol es m\u00e1s fuerte que la oscuridad de la noche. Oh Cruz de Cristo, ens\u00e9\u00f1anos que la aparente victoria del mal se desvanece ante la tumba vac\u00eda y frente a la certeza de la Resurrecci\u00f3n y del amor de Dios, que nada lo podr\u00e1 derrotar u oscurecer o debilitar. Am\u00e9n. <\/em> Fuente: AICA<\/p>\n<!-- AddThis Advanced Settings generic via filter on the_content --><!-- AddThis Share Buttons generic via filter on the_content -->","protected":false},"excerpt":{"rendered":"<p>&nbsp; El papa Francisco presidi\u00f3 este Viernes Santo, 25 de marzo, el rito del V\u00eda Crucis en el escenario imponente del Coliseo de Roma, en [&hellip;]<!-- AddThis Advanced Settings generic via filter on get_the_excerpt --><!-- AddThis Share Buttons generic via filter on get_the_excerpt --><\/p>\n","protected":false},"author":2,"featured_media":11664,"comment_status":"open","ping_status":"open","sticky":false,"template":"","format":"standard","meta":{"footnotes":""},"categories":[161],"tags":[],"class_list":["post-11663","post","type-post","status-publish","format-standard","has-post-thumbnail","hentry","category-el-papa-leonxiv"],"_links":{"self":[{"href":"https:\/\/obispadodezaratecampana.org\/index.php?rest_route=\/wp\/v2\/posts\/11663","targetHints":{"allow":["GET"]}}],"collection":[{"href":"https:\/\/obispadodezaratecampana.org\/index.php?rest_route=\/wp\/v2\/posts"}],"about":[{"href":"https:\/\/obispadodezaratecampana.org\/index.php?rest_route=\/wp\/v2\/types\/post"}],"author":[{"embeddable":true,"href":"https:\/\/obispadodezaratecampana.org\/index.php?rest_route=\/wp\/v2\/users\/2"}],"replies":[{"embeddable":true,"href":"https:\/\/obispadodezaratecampana.org\/index.php?rest_route=%2Fwp%2Fv2%2Fcomments&post=11663"}],"version-history":[{"count":4,"href":"https:\/\/obispadodezaratecampana.org\/index.php?rest_route=\/wp\/v2\/posts\/11663\/revisions"}],"predecessor-version":[{"id":11670,"href":"https:\/\/obispadodezaratecampana.org\/index.php?rest_route=\/wp\/v2\/posts\/11663\/revisions\/11670"}],"wp:featuredmedia":[{"embeddable":true,"href":"https:\/\/obispadodezaratecampana.org\/index.php?rest_route=\/wp\/v2\/media\/11664"}],"wp:attachment":[{"href":"https:\/\/obispadodezaratecampana.org\/index.php?rest_route=%2Fwp%2Fv2%2Fmedia&parent=11663"}],"wp:term":[{"taxonomy":"category","embeddable":true,"href":"https:\/\/obispadodezaratecampana.org\/index.php?rest_route=%2Fwp%2Fv2%2Fcategories&post=11663"},{"taxonomy":"post_tag","embeddable":true,"href":"https:\/\/obispadodezaratecampana.org\/index.php?rest_route=%2Fwp%2Fv2%2Ftags&post=11663"}],"curies":[{"name":"wp","href":"https:\/\/api.w.org\/{rel}","templated":true}]}}