{"id":11659,"date":"2016-03-25T11:14:24","date_gmt":"2016-03-25T14:14:24","guid":{"rendered":"http:\/\/obispadodezaratecampana.org\/?p=11659"},"modified":"2016-03-25T11:14:24","modified_gmt":"2016-03-25T14:14:24","slug":"25-de-marzo-solemnidad-de-la-anunciacion-dia-del-nino-por-nacer","status":"publish","type":"post","link":"https:\/\/obispadodezaratecampana.org\/?p=11659","title":{"rendered":"25 de Marzo: Solemnidad de la Anunciaci\u00f3n &#8211; D\u00eda del Ni\u00f1o por Nacer"},"content":{"rendered":"<p>REDACCI\u00d3N CENTRAL, 25 Mar. 16 \/ 01:25 am (ACI).- La Solemnidad de la Anunciaci\u00f3n coincide en muchos pa\u00edses del mundo con el D\u00eda del Ni\u00f1o por Nacer, que se celebra cada 25 de marzo y que busca conmemorar, promover y defender la vida humana desde que ha sido concebida en el vientre de la madre.<\/p>\n<p>En diciembre de 1998, esta fecha fue instituida en Argentina, por el presidente Carlos Sa\u00fal Menem. Este, a pocos d\u00edas de celebrarse esta fiesta en 1999, alent\u00f3 a los presidentes de toda Am\u00e9rica Latina a sumarse a esta iniciativa.<\/p>\n<p>San Juan Pablo II le remiti\u00f3 una carta al presidente argentino alentando a que \u201cla celebraci\u00f3n del \u2018D\u00eda del ni\u00f1o por nacer\u2019 favorezca una opci\u00f3n positiva en favor de la vida y del desarrollo de una cultura orientada en este sentido, que asegure la promoci\u00f3n de la dignidad humana en todas las situaciones&#8221;.<\/p>\n<p>En 1999, esta celebraci\u00f3n fue acogida legalmente por Guatemala y Costa Rica, mientras que Nicaragua la asumi\u00f3 al a\u00f1o siguiente. En Rep\u00fablica Dominicana esta fecha fue aprobada a inicios de 2001 y en Per\u00fa por ley en 2002.<\/p>\n<p>La fiesta tambi\u00e9n es celebrada el 25 de marzo en El Salvador, Uruguay, Espa\u00f1a, M\u00e9xico, Austria, Eslovaquia, Cuba y Filipinas. Ecuador tambi\u00e9n se sum\u00f3 desde 2006, mientras que Chile celebrar\u00e1 hoy esta fiesta por segunda vez de forma oficial.<\/p>\n<p>Con ocasi\u00f3n del D\u00eda del Ni\u00f1o por Nacer se han convocado diversas manifestaciones, como la reciente Marcha por la Vida en Lima (Per\u00fa) del 12 de marzo que reuni\u00f3 a m\u00e1s de 750 mil personas.<\/p>\n<p>En Chile la agrupaci\u00f3n Siempre por la Vida, proyecto de la Fundaci\u00f3n ChileSiempre, convoc\u00f3 por segundo a\u00f1o consecutivo una celebraci\u00f3n por el D\u00eda del ni\u00f1o que est\u00e1 por nacer y la adopci\u00f3n. Asimismo se manifestaron en rechazo a la aprobaci\u00f3n del aborto en las tres causales por la C\u00e1mara de Diputados. El evento se realiz\u00f3 el 21 de marzo en la Plaza de la Constituci\u00f3n, frente al Palacio de La Moneda.<\/p>\n<p><img decoding=\"async\" class=\"size-medium wp-image-11661 aligncenter\" src=\"http:\/\/obispadodezaratecampana.org\/wp-content\/uploads\/2016\/03\/bebe1-300x166.jpg\" alt=\"bebe\" width=\"300\" height=\"166\" srcset=\"https:\/\/obispadodezaratecampana.org\/wp-content\/uploads\/2016\/03\/bebe1-300x166.jpg 300w, https:\/\/obispadodezaratecampana.org\/wp-content\/uploads\/2016\/03\/bebe1.jpg 680w\" sizes=\"(max-width: 300px) 100vw, 300px\" \/><\/p>\n<p>&nbsp;<\/p>\n<!-- AddThis Advanced Settings generic via filter on the_content --><!-- AddThis Share Buttons generic via filter on the_content -->","protected":false},"excerpt":{"rendered":"<p>REDACCI\u00d3N CENTRAL, 25 Mar. 16 \/ 01:25 am (ACI).- La Solemnidad de la Anunciaci\u00f3n coincide en muchos pa\u00edses del mundo con el D\u00eda del Ni\u00f1o [&hellip;]<!-- AddThis Advanced Settings generic via filter on get_the_excerpt --><!-- AddThis Share Buttons generic via filter on get_the_excerpt --><\/p>\n","protected":false},"author":2,"featured_media":11660,"comment_status":"open","ping_status":"open","sticky":false,"template":"","format":"standard","meta":{"footnotes":""},"categories":[5],"tags":[],"class_list":["post-11659","post","type-post","status-publish","format-standard","has-post-thumbnail","hentry","category-generales"],"_links":{"self":[{"href":"https:\/\/obispadodezaratecampana.org\/index.php?rest_route=\/wp\/v2\/posts\/11659","targetHints":{"allow":["GET"]}}],"collection":[{"href":"https:\/\/obispadodezaratecampana.org\/index.php?rest_route=\/wp\/v2\/posts"}],"about":[{"href":"https:\/\/obispadodezaratecampana.org\/index.php?rest_route=\/wp\/v2\/types\/post"}],"author":[{"embeddable":true,"href":"https:\/\/obispadodezaratecampana.org\/index.php?rest_route=\/wp\/v2\/users\/2"}],"replies":[{"embeddable":true,"href":"https:\/\/obispadodezaratecampana.org\/index.php?rest_route=%2Fwp%2Fv2%2Fcomments&post=11659"}],"version-history":[{"count":1,"href":"https:\/\/obispadodezaratecampana.org\/index.php?rest_route=\/wp\/v2\/posts\/11659\/revisions"}],"predecessor-version":[{"id":11662,"href":"https:\/\/obispadodezaratecampana.org\/index.php?rest_route=\/wp\/v2\/posts\/11659\/revisions\/11662"}],"wp:featuredmedia":[{"embeddable":true,"href":"https:\/\/obispadodezaratecampana.org\/index.php?rest_route=\/wp\/v2\/media\/11660"}],"wp:attachment":[{"href":"https:\/\/obispadodezaratecampana.org\/index.php?rest_route=%2Fwp%2Fv2%2Fmedia&parent=11659"}],"wp:term":[{"taxonomy":"category","embeddable":true,"href":"https:\/\/obispadodezaratecampana.org\/index.php?rest_route=%2Fwp%2Fv2%2Fcategories&post=11659"},{"taxonomy":"post_tag","embeddable":true,"href":"https:\/\/obispadodezaratecampana.org\/index.php?rest_route=%2Fwp%2Fv2%2Ftags&post=11659"}],"curies":[{"name":"wp","href":"https:\/\/api.w.org\/{rel}","templated":true}]}}