{"id":11613,"date":"2016-03-29T12:21:22","date_gmt":"2016-03-29T15:21:22","guid":{"rendered":"http:\/\/obispadodezaratecampana.org\/?p=11613"},"modified":"2016-03-24T12:25:43","modified_gmt":"2016-03-24T15:25:43","slug":"grupo-de-jovenes-cocatedral-natividad-del-senor-escobar-inicio-3-de-abril","status":"publish","type":"post","link":"https:\/\/obispadodezaratecampana.org\/?p=11613","title":{"rendered":"Grupo de J\u00f3venes &#8211; Cocatedral Natividad del Se\u00f1or , Escobar &#8211; Inicio 3 de abril"},"content":{"rendered":"<p style=\"text-align: center;\"><em>Invitaci\u00f3n a los j\u00f3venes mayores de 19 a\u00f1os a participar de los encuentros que se realizar\u00e1n a partir del domingo 3 de abril, en la Cocatedral Natividad del Se\u00f1or de Escobar.\u00a0<\/em><\/p>\n<p><img fetchpriority=\"high\" decoding=\"async\" class=\" wp-image-11614 aligncenter\" src=\"http:\/\/obispadodezaratecampana.org\/wp-content\/uploads\/2016\/03\/12063716_496096433929489_1290631512403264524_n-300x199.jpg\" alt=\"12063716_496096433929489_1290631512403264524_n\" width=\"549\" height=\"364\" srcset=\"https:\/\/obispadodezaratecampana.org\/wp-content\/uploads\/2016\/03\/12063716_496096433929489_1290631512403264524_n-300x199.jpg 300w, https:\/\/obispadodezaratecampana.org\/wp-content\/uploads\/2016\/03\/12063716_496096433929489_1290631512403264524_n.jpg 960w\" sizes=\"(max-width: 549px) 100vw, 549px\" \/><\/p>\n<!-- AddThis Advanced Settings generic via filter on the_content --><!-- AddThis Share Buttons generic via filter on the_content -->","protected":false},"excerpt":{"rendered":"<p>Invitaci\u00f3n a los j\u00f3venes mayores de 19 a\u00f1os a participar de los encuentros que se realizar\u00e1n a partir del domingo 3 de abril, en la [&hellip;]<!-- AddThis Advanced Settings generic via filter on get_the_excerpt --><!-- AddThis Share Buttons generic via filter on get_the_excerpt --><\/p>\n","protected":false},"author":2,"featured_media":11614,"comment_status":"open","ping_status":"open","sticky":false,"template":"","format":"standard","meta":{"footnotes":""},"categories":[3],"tags":[],"class_list":["post-11613","post","type-post","status-publish","format-standard","has-post-thumbnail","hentry","category-noticiasparroquiales"],"_links":{"self":[{"href":"https:\/\/obispadodezaratecampana.org\/index.php?rest_route=\/wp\/v2\/posts\/11613","targetHints":{"allow":["GET"]}}],"collection":[{"href":"https:\/\/obispadodezaratecampana.org\/index.php?rest_route=\/wp\/v2\/posts"}],"about":[{"href":"https:\/\/obispadodezaratecampana.org\/index.php?rest_route=\/wp\/v2\/types\/post"}],"author":[{"embeddable":true,"href":"https:\/\/obispadodezaratecampana.org\/index.php?rest_route=\/wp\/v2\/users\/2"}],"replies":[{"embeddable":true,"href":"https:\/\/obispadodezaratecampana.org\/index.php?rest_route=%2Fwp%2Fv2%2Fcomments&post=11613"}],"version-history":[{"count":1,"href":"https:\/\/obispadodezaratecampana.org\/index.php?rest_route=\/wp\/v2\/posts\/11613\/revisions"}],"predecessor-version":[{"id":11615,"href":"https:\/\/obispadodezaratecampana.org\/index.php?rest_route=\/wp\/v2\/posts\/11613\/revisions\/11615"}],"wp:featuredmedia":[{"embeddable":true,"href":"https:\/\/obispadodezaratecampana.org\/index.php?rest_route=\/wp\/v2\/media\/11614"}],"wp:attachment":[{"href":"https:\/\/obispadodezaratecampana.org\/index.php?rest_route=%2Fwp%2Fv2%2Fmedia&parent=11613"}],"wp:term":[{"taxonomy":"category","embeddable":true,"href":"https:\/\/obispadodezaratecampana.org\/index.php?rest_route=%2Fwp%2Fv2%2Fcategories&post=11613"},{"taxonomy":"post_tag","embeddable":true,"href":"https:\/\/obispadodezaratecampana.org\/index.php?rest_route=%2Fwp%2Fv2%2Ftags&post=11613"}],"curies":[{"name":"wp","href":"https:\/\/api.w.org\/{rel}","templated":true}]}}