{"id":11593,"date":"2016-03-23T10:42:16","date_gmt":"2016-03-23T13:42:16","guid":{"rendered":"http:\/\/obispadodezaratecampana.org\/?p=11593"},"modified":"2016-03-24T10:49:14","modified_gmt":"2016-03-24T13:49:14","slug":"pascua-joven-jueves-24-17-hs-catedral-santa-florentina-campana","status":"publish","type":"post","link":"https:\/\/obispadodezaratecampana.org\/?p=11593","title":{"rendered":"&#8220;PASCUA JOVEN&#8221; &#8211; Jueves 24 &#8211; 17 hs , Catedral Santa Florentina, Campana"},"content":{"rendered":"<p style=\"text-align: center;\"><strong>&#8220;PASCUA JOVEN 2016&#8221;\u00a0<\/strong><\/p>\n<p style=\"text-align: center;\"><a href=\"http:\/\/obispadodezaratecampana.org\/wp-content\/uploads\/2016\/03\/972344_808456249298857_4532220839908777339_n.jpg\"><img fetchpriority=\"high\" decoding=\"async\" class=\"alignnone  wp-image-11594\" src=\"http:\/\/obispadodezaratecampana.org\/wp-content\/uploads\/2016\/03\/972344_808456249298857_4532220839908777339_n-300x138.jpg\" alt=\"972344_808456249298857_4532220839908777339_n\" width=\"437\" height=\"201\" srcset=\"https:\/\/obispadodezaratecampana.org\/wp-content\/uploads\/2016\/03\/972344_808456249298857_4532220839908777339_n-300x138.jpg 300w, https:\/\/obispadodezaratecampana.org\/wp-content\/uploads\/2016\/03\/972344_808456249298857_4532220839908777339_n.jpg 665w\" sizes=\"(max-width: 437px) 100vw, 437px\" \/><\/a><\/p>\n<p><strong>Catedral Santa Florentina &#8211; Campana<\/strong><\/p>\n<p>\u00bfPero qu\u00e9 es PASCUA JOVEN?<\/p>\n<p>Es un retiro de tres d\u00edas para j\u00f3venes a partir de los 14 a\u00f1os en adelante.<br \/>\nEn este retiro vamos a compartir momentos de reflexi\u00f3n, de oraci\u00f3n, din\u00e1micas en grupo entre otras cosas y profundizar juntos el misterio de la Cruz.<\/p>\n<p>\u00bfEn d\u00f3nde nos reunimos y cu\u00e1ndo empieza?<\/p>\n<p>En CATEDRAL el jueves 24 a las 17.00 hs<br \/>\nEl mismo termina con la Vigilia Pascual a las 21.00 hs en CATEDRAL.<\/p>\n<p>\u00bfQu\u00e9 tengo que llevar?<\/p>\n<p>-Biblia y algo para anotar<br \/>\n-Ropa c\u00f3moda (pantal\u00f3n largo, alg\u00fan abrigo)<br \/>\n-Elementos de higiene personal (jab\u00f3n, cepillo de dientes, toalla de mano, toalla, shampoo)<br \/>\n-Colchon y\/o bolsa de dormir (s\u00e1banas, alguna manta para taparse)<br \/>\n-Mate, guitarras y otros instrumentos musicales (opcional)<\/p>\n<p>\u00bfTiene alg\u00fan costo el retiro?<\/p>\n<p>Si, el valor es de $150 pero dem\u00e1s est\u00e1 decirles que el dinero no es excluyente para la participaci\u00f3n del retiro. Hablar con los coordinadores si tienen alg\u00fan inconveniente con este tema.<br \/>\nCualquier duda o consulta que tengan con respecto al retiro no duden en comunicarse con los coordinadores.<\/p>\n<p><em><strong>Contactos: <\/strong><\/em><br \/>\n<em><strong>Padre Gustavo Parodi: 03489 15310061<\/strong><\/em><br \/>\n<em><strong>Karen Roach: 03489 15669836<\/strong><\/em><\/p>\n<!-- AddThis Advanced Settings generic via filter on the_content --><!-- AddThis Share Buttons generic via filter on the_content -->","protected":false},"excerpt":{"rendered":"<p>&#8220;PASCUA JOVEN 2016&#8221;\u00a0 Catedral Santa Florentina &#8211; Campana \u00bfPero qu\u00e9 es PASCUA JOVEN? Es un retiro de tres d\u00edas para j\u00f3venes a partir de los [&hellip;]<!-- AddThis Advanced Settings generic via filter on get_the_excerpt --><!-- AddThis Share Buttons generic via filter on get_the_excerpt --><\/p>\n","protected":false},"author":2,"featured_media":11594,"comment_status":"open","ping_status":"open","sticky":false,"template":"","format":"standard","meta":{"footnotes":""},"categories":[3],"tags":[],"class_list":["post-11593","post","type-post","status-publish","format-standard","has-post-thumbnail","hentry","category-noticiasparroquiales"],"_links":{"self":[{"href":"https:\/\/obispadodezaratecampana.org\/index.php?rest_route=\/wp\/v2\/posts\/11593","targetHints":{"allow":["GET"]}}],"collection":[{"href":"https:\/\/obispadodezaratecampana.org\/index.php?rest_route=\/wp\/v2\/posts"}],"about":[{"href":"https:\/\/obispadodezaratecampana.org\/index.php?rest_route=\/wp\/v2\/types\/post"}],"author":[{"embeddable":true,"href":"https:\/\/obispadodezaratecampana.org\/index.php?rest_route=\/wp\/v2\/users\/2"}],"replies":[{"embeddable":true,"href":"https:\/\/obispadodezaratecampana.org\/index.php?rest_route=%2Fwp%2Fv2%2Fcomments&post=11593"}],"version-history":[{"count":1,"href":"https:\/\/obispadodezaratecampana.org\/index.php?rest_route=\/wp\/v2\/posts\/11593\/revisions"}],"predecessor-version":[{"id":11595,"href":"https:\/\/obispadodezaratecampana.org\/index.php?rest_route=\/wp\/v2\/posts\/11593\/revisions\/11595"}],"wp:featuredmedia":[{"embeddable":true,"href":"https:\/\/obispadodezaratecampana.org\/index.php?rest_route=\/wp\/v2\/media\/11594"}],"wp:attachment":[{"href":"https:\/\/obispadodezaratecampana.org\/index.php?rest_route=%2Fwp%2Fv2%2Fmedia&parent=11593"}],"wp:term":[{"taxonomy":"category","embeddable":true,"href":"https:\/\/obispadodezaratecampana.org\/index.php?rest_route=%2Fwp%2Fv2%2Fcategories&post=11593"},{"taxonomy":"post_tag","embeddable":true,"href":"https:\/\/obispadodezaratecampana.org\/index.php?rest_route=%2Fwp%2Fv2%2Ftags&post=11593"}],"curies":[{"name":"wp","href":"https:\/\/api.w.org\/{rel}","templated":true}]}}