{"id":11534,"date":"2016-03-21T09:51:15","date_gmt":"2016-03-21T12:51:15","guid":{"rendered":"http:\/\/obispadodezaratecampana.org\/?p=11534"},"modified":"2016-03-21T09:51:15","modified_gmt":"2016-03-21T12:51:15","slug":"ordenacion-sacerdotal-de-jeronimo-martinez","status":"publish","type":"post","link":"https:\/\/obispadodezaratecampana.org\/?p=11534","title":{"rendered":"&#8220;Ordenaci\u00f3n Sacerdotal de Jer\u00f3nimo Martinez &#8221;"},"content":{"rendered":"<p style=\"text-align: center;\"><strong>:: ORDENACI\u00d3N SACERDOTAL DE JER\u00d3NIMO MARTINEZ ::<\/strong><\/p>\n<p><img fetchpriority=\"high\" decoding=\"async\" class=\"size-medium wp-image-11539 aligncenter\" src=\"http:\/\/obispadodezaratecampana.org\/wp-content\/uploads\/2016\/03\/jeronimo4-300x199.jpg\" alt=\"jeronimo4\" width=\"300\" height=\"199\" srcset=\"https:\/\/obispadodezaratecampana.org\/wp-content\/uploads\/2016\/03\/jeronimo4-300x199.jpg 300w, https:\/\/obispadodezaratecampana.org\/wp-content\/uploads\/2016\/03\/jeronimo4-1024x680.jpg 1024w, https:\/\/obispadodezaratecampana.org\/wp-content\/uploads\/2016\/03\/jeronimo4.jpg 2048w\" sizes=\"(max-width: 300px) 100vw, 300px\" \/><br \/>\n-19 de marzo del 2016 &#8211; Parroquia Ntra Sra del Pilar, Pilar &#8211;<br \/>\nEl di\u00e1cono Jer\u00f3nimo fue ordenado sacerdote por nuestro Obispo Pedro Laxague en el d\u00eda de la solemnidad de San Jose (luego compartiremos mas detalles e im\u00e1genes de la celebraci\u00f3n). El padre Martinez dirigi\u00f3 al finalizar la liturgia, unas palabras a los presentes, concluyendo con esta oraci\u00f3n a la Virgen. La compartimos y nos unimos en oraci\u00f3n por su ministerio sacerdotal:<\/p>\n<p style=\"text-align: center;\">\n<em>&#8220;Bendita sea tu pureza, y eternamente lo sea, pues todo un Dios se recrea en tan graciosa belleza. A ti celestial princesa, Virgen Sagrada Maria, yo te ofrezco en este d\u00eda: alma, vida y coraz\u00f3n. M\u00edrame con compasi\u00f3n, no me dejes Madre m\u00eda, morir sin tu bendici\u00f3n.Am\u00e9n. &#8220;<\/em><\/p>\n<p><img decoding=\"async\" class=\"size-medium wp-image-11535 aligncenter\" src=\"http:\/\/obispadodezaratecampana.org\/wp-content\/uploads\/2016\/03\/jeronimo5-300x199.jpg\" alt=\"jeronimo5\" width=\"300\" height=\"199\" srcset=\"https:\/\/obispadodezaratecampana.org\/wp-content\/uploads\/2016\/03\/jeronimo5-300x199.jpg 300w, https:\/\/obispadodezaratecampana.org\/wp-content\/uploads\/2016\/03\/jeronimo5-1024x680.jpg 1024w, https:\/\/obispadodezaratecampana.org\/wp-content\/uploads\/2016\/03\/jeronimo5.jpg 2048w\" sizes=\"(max-width: 300px) 100vw, 300px\" \/><\/p>\n<p><img decoding=\"async\" class=\"size-medium wp-image-11537 aligncenter\" src=\"http:\/\/obispadodezaratecampana.org\/wp-content\/uploads\/2016\/03\/jeronimo2-300x199.jpg\" alt=\"jeronimo2\" width=\"300\" height=\"199\" srcset=\"https:\/\/obispadodezaratecampana.org\/wp-content\/uploads\/2016\/03\/jeronimo2-300x199.jpg 300w, https:\/\/obispadodezaratecampana.org\/wp-content\/uploads\/2016\/03\/jeronimo2-1024x680.jpg 1024w, https:\/\/obispadodezaratecampana.org\/wp-content\/uploads\/2016\/03\/jeronimo2.jpg 2048w\" sizes=\"(max-width: 300px) 100vw, 300px\" \/><\/p>\n<p><img loading=\"lazy\" decoding=\"async\" class=\"size-medium wp-image-11538 aligncenter\" src=\"http:\/\/obispadodezaratecampana.org\/wp-content\/uploads\/2016\/03\/jeronimo3-300x199.jpg\" alt=\"jeronimo3\" width=\"300\" height=\"199\" srcset=\"https:\/\/obispadodezaratecampana.org\/wp-content\/uploads\/2016\/03\/jeronimo3-300x199.jpg 300w, https:\/\/obispadodezaratecampana.org\/wp-content\/uploads\/2016\/03\/jeronimo3-1024x680.jpg 1024w, https:\/\/obispadodezaratecampana.org\/wp-content\/uploads\/2016\/03\/jeronimo3.jpg 2048w\" sizes=\"(max-width: 300px) 100vw, 300px\" \/><\/p>\n<p>&nbsp;<\/p>\n<!-- AddThis Advanced Settings generic via filter on the_content --><!-- AddThis Share Buttons generic via filter on the_content -->","protected":false},"excerpt":{"rendered":"<p>:: ORDENACI\u00d3N SACERDOTAL DE JER\u00d3NIMO MARTINEZ :: -19 de marzo del 2016 &#8211; Parroquia Ntra Sra del Pilar, Pilar &#8211; El di\u00e1cono Jer\u00f3nimo fue ordenado [&hellip;]<!-- AddThis Advanced Settings generic via filter on get_the_excerpt --><!-- AddThis Share Buttons generic via filter on get_the_excerpt --><\/p>\n","protected":false},"author":2,"featured_media":11539,"comment_status":"open","ping_status":"open","sticky":false,"template":"","format":"standard","meta":{"footnotes":""},"categories":[1],"tags":[],"class_list":["post-11534","post","type-post","status-publish","format-standard","has-post-thumbnail","hentry","category-noticiasdiocesanas"],"_links":{"self":[{"href":"https:\/\/obispadodezaratecampana.org\/index.php?rest_route=\/wp\/v2\/posts\/11534","targetHints":{"allow":["GET"]}}],"collection":[{"href":"https:\/\/obispadodezaratecampana.org\/index.php?rest_route=\/wp\/v2\/posts"}],"about":[{"href":"https:\/\/obispadodezaratecampana.org\/index.php?rest_route=\/wp\/v2\/types\/post"}],"author":[{"embeddable":true,"href":"https:\/\/obispadodezaratecampana.org\/index.php?rest_route=\/wp\/v2\/users\/2"}],"replies":[{"embeddable":true,"href":"https:\/\/obispadodezaratecampana.org\/index.php?rest_route=%2Fwp%2Fv2%2Fcomments&post=11534"}],"version-history":[{"count":1,"href":"https:\/\/obispadodezaratecampana.org\/index.php?rest_route=\/wp\/v2\/posts\/11534\/revisions"}],"predecessor-version":[{"id":11540,"href":"https:\/\/obispadodezaratecampana.org\/index.php?rest_route=\/wp\/v2\/posts\/11534\/revisions\/11540"}],"wp:featuredmedia":[{"embeddable":true,"href":"https:\/\/obispadodezaratecampana.org\/index.php?rest_route=\/wp\/v2\/media\/11539"}],"wp:attachment":[{"href":"https:\/\/obispadodezaratecampana.org\/index.php?rest_route=%2Fwp%2Fv2%2Fmedia&parent=11534"}],"wp:term":[{"taxonomy":"category","embeddable":true,"href":"https:\/\/obispadodezaratecampana.org\/index.php?rest_route=%2Fwp%2Fv2%2Fcategories&post=11534"},{"taxonomy":"post_tag","embeddable":true,"href":"https:\/\/obispadodezaratecampana.org\/index.php?rest_route=%2Fwp%2Fv2%2Ftags&post=11534"}],"curies":[{"name":"wp","href":"https:\/\/api.w.org\/{rel}","templated":true}]}}