{"id":11513,"date":"2016-03-18T19:57:10","date_gmt":"2016-03-18T22:57:10","guid":{"rendered":"http:\/\/obispadodezaratecampana.org\/?p=11513"},"modified":"2016-03-18T20:22:43","modified_gmt":"2016-03-18T23:22:43","slug":"martes-22-de-marzo-noche-de-informacion-encuentro-matrimonial","status":"publish","type":"post","link":"https:\/\/obispadodezaratecampana.org\/?p=11513","title":{"rendered":"Martes 22 de marzo: Noche de Informaci\u00f3n &#8211; Encuentro Matrimonial"},"content":{"rendered":"<p><img fetchpriority=\"high\" decoding=\"async\" class=\" wp-image-11522 aligncenter\" src=\"http:\/\/obispadodezaratecampana.org\/wp-content\/uploads\/2016\/03\/10633383_976981502369642_634943679178693592_o-1-300x161.jpg\" alt=\"10633383_976981502369642_634943679178693592_o (1)\" width=\"383\" height=\"203\" \/><\/p>\n<p>Compartimos esta invitaci\u00f3n de Encuentro Matrimonial, de la di\u00f3cesis de Z\u00e1rate-Campana:<\/p>\n<p><em>IMPORTANTE !!!!!<\/em><\/p>\n<p><em>NOCHE DE INFORMACION!!!!!!<\/em><br \/>\n<em>El martes 22 de marzo, en la Pquia Mar\u00eda de Nazaret de Zarate, en la calle Alem 1750, a las 20:30 hs.<\/em><br \/>\n<em>Esperamos que esta invitaci\u00f3n se haga extensiva y podamos llevar a muchas parejas, amigos , vecinos y familiares.<\/em><br \/>\n<em>LOS ESPERAMOS !!!!!!!.<\/em><\/p>\n<p>Tel\u00e9fonos de contacto para consultas:<\/p>\n<p>Jorge y Paula Lopez: 03487- 426183<\/p>\n<p>Gustavo y Alicia Perez: 03487- 432604<\/p>\n<p>Franco- Ricardo y Claudia: 03487 &#8211; 15 632162 \/03487-15 475455 \/03487 &#8211; 15 687862<\/p>\n<p>&nbsp;<\/p>\n<p><img decoding=\"async\" class=\" wp-image-11518 aligncenter\" src=\"http:\/\/obispadodezaratecampana.org\/wp-content\/uploads\/2016\/03\/1377607_1047323628640312_8652632814207713431_n1-300x159.jpg\" alt=\"1377607_1047323628640312_8652632814207713431_n\" width=\"358\" height=\"190\" srcset=\"https:\/\/obispadodezaratecampana.org\/wp-content\/uploads\/2016\/03\/1377607_1047323628640312_8652632814207713431_n1-300x159.jpg 300w, https:\/\/obispadodezaratecampana.org\/wp-content\/uploads\/2016\/03\/1377607_1047323628640312_8652632814207713431_n1.jpg 467w\" sizes=\"(max-width: 358px) 100vw, 358px\" \/><\/p>\n<p>&nbsp;<\/p>\n<!-- AddThis Advanced Settings generic via filter on the_content --><!-- AddThis Share Buttons generic via filter on the_content -->","protected":false},"excerpt":{"rendered":"<p>Compartimos esta invitaci\u00f3n de Encuentro Matrimonial, de la di\u00f3cesis de Z\u00e1rate-Campana: IMPORTANTE !!!!! NOCHE DE INFORMACION!!!!!! El martes 22 de marzo, en la Pquia Mar\u00eda [&hellip;]<!-- AddThis Advanced Settings generic via filter on get_the_excerpt --><!-- AddThis Share Buttons generic via filter on get_the_excerpt --><\/p>\n","protected":false},"author":2,"featured_media":11514,"comment_status":"open","ping_status":"open","sticky":false,"template":"","format":"standard","meta":{"footnotes":""},"categories":[4],"tags":[],"class_list":["post-11513","post","type-post","status-publish","format-standard","has-post-thumbnail","hentry","category-movimientosinstituciones"],"_links":{"self":[{"href":"https:\/\/obispadodezaratecampana.org\/index.php?rest_route=\/wp\/v2\/posts\/11513","targetHints":{"allow":["GET"]}}],"collection":[{"href":"https:\/\/obispadodezaratecampana.org\/index.php?rest_route=\/wp\/v2\/posts"}],"about":[{"href":"https:\/\/obispadodezaratecampana.org\/index.php?rest_route=\/wp\/v2\/types\/post"}],"author":[{"embeddable":true,"href":"https:\/\/obispadodezaratecampana.org\/index.php?rest_route=\/wp\/v2\/users\/2"}],"replies":[{"embeddable":true,"href":"https:\/\/obispadodezaratecampana.org\/index.php?rest_route=%2Fwp%2Fv2%2Fcomments&post=11513"}],"version-history":[{"count":4,"href":"https:\/\/obispadodezaratecampana.org\/index.php?rest_route=\/wp\/v2\/posts\/11513\/revisions"}],"predecessor-version":[{"id":11524,"href":"https:\/\/obispadodezaratecampana.org\/index.php?rest_route=\/wp\/v2\/posts\/11513\/revisions\/11524"}],"wp:featuredmedia":[{"embeddable":true,"href":"https:\/\/obispadodezaratecampana.org\/index.php?rest_route=\/wp\/v2\/media\/11514"}],"wp:attachment":[{"href":"https:\/\/obispadodezaratecampana.org\/index.php?rest_route=%2Fwp%2Fv2%2Fmedia&parent=11513"}],"wp:term":[{"taxonomy":"category","embeddable":true,"href":"https:\/\/obispadodezaratecampana.org\/index.php?rest_route=%2Fwp%2Fv2%2Fcategories&post=11513"},{"taxonomy":"post_tag","embeddable":true,"href":"https:\/\/obispadodezaratecampana.org\/index.php?rest_route=%2Fwp%2Fv2%2Ftags&post=11513"}],"curies":[{"name":"wp","href":"https:\/\/api.w.org\/{rel}","templated":true}]}}