{"id":11497,"date":"2016-03-17T11:45:15","date_gmt":"2016-03-17T14:45:15","guid":{"rendered":"http:\/\/obispadodezaratecampana.org\/?p=11497"},"modified":"2016-03-17T11:45:15","modified_gmt":"2016-03-17T14:45:15","slug":"miercoles-17-de-marzo-catequesis-de-francisco","status":"publish","type":"post","link":"https:\/\/obispadodezaratecampana.org\/?p=11497","title":{"rendered":"Mi\u00e9rcoles 17 de marzo: Catequesis de Francisco"},"content":{"rendered":"<p>CATEQUESIS DEL PAPA: EL SE\u00d1OR ES FIEL, NO ABANDONA EN LA DESOLACI\u00d3N<\/p>\n<p>Queridos amigos, les ofrecemos el texto completo de la catequesis de hoy del Papa Francisco, que contin\u00faa el ciclo que est\u00e1 dedicando a la misericordia divina en la Biblia:<br \/>\n\u00abQueridos hermanos y hermanas, \u00a1buenos d\u00edas!<br \/>\nEn el Libro del profeta Jerem\u00edas, los cap\u00edtulos 30 y 31 son llamados \u201clibro de la consolaci\u00f3n\u201d, porque en ellos la misericordia de Dios se presenta con toda su capacidad de confrontar y abrir el coraz\u00f3n de los afligidos a la esperanza. Hoy queremos tambi\u00e9n nosotros escuchar este mensaje de consolaci\u00f3n.<br \/>\nJerem\u00edas se dirige a los israelitas que han sido deportados a tierras extranjeras y pre-anuncia el regreso a la patria. Este regreso es signo del amor infinito de Dios Padre que no abandona a sus hijos, sino que los cuida y los salva.<br \/>\nEl exilio hab\u00eda sido una experiencia catastr\u00f3fica para Israel. La fe hab\u00eda vacilado porque en tierra extranjera, sin el templo, sin el culto, despu\u00e9s de haber visto el pa\u00eds destruido, era dif\u00edcil continuar creyendo en la bondad del Se\u00f1or.<br \/>\nMe viene a la mente la cercana Albania y como despu\u00e9s de tantas persecuciones y destrucciones ha logrado levantarse en su dignidad y en la fe. As\u00ed hab\u00edan sufrido los israelitas en el exilio.<br \/>\nTambi\u00e9n nosotros podemos vivir a veces una especie de exilio, cuando la soledad, el sufrimiento, la muerte nos hacen pensar de haber sido abandonados por Dios. Cu\u00e1ntas veces hemos escuchado esta palabra: \u201cDios se ha olvidado de mi\u201d. Muchas veces personas que sufren y se sienten abandonadas.<br \/>\nY cu\u00e1ntos de nuestros hermanos en cambio est\u00e1n viviendo en este tiempo una real y dram\u00e1tica situaci\u00f3n de exilio, lejos de su patria, en sus ojos todav\u00eda las ruinas de sus casas, en el coraz\u00f3n el miedo y muchas veces, lamentablemente, \u00a1el dolor por la p\u00e9rdida de personas queridas! En estos casos uno puede preguntarse: \u00bfD\u00f3nde est\u00e1 Dios? \u00bfC\u00f3mo es posible que tanto sufrimiento pueda golpear a hombres, mujeres y ni\u00f1os inocentes?<br \/>\nY cuando tratan de entrar en otra parte les cierran la puerta. Y est\u00e1n ah\u00ed, al l\u00edmite porque tantas puertas y tantos corazones est\u00e1n cerrados. Los migrantes de hoy que sufren el aire, sin alimentos y no pueden entrar, no reciben la acogida. \u00a1A m\u00ed me gusta mucho escuchar, cuando veo a las naciones, los gobernantes que abren el coraz\u00f3n y abren las puertas!<br \/>\nEl profeta Jerem\u00edas nos da una primera respuesta. El pueblo exiliado podr\u00e1 regresar a ver su tierra y a experimentar la misericordia del Se\u00f1or. Es el gran anuncio de consolaci\u00f3n: Dios no est\u00e1 ausente, ni siquiera hoy en estas dram\u00e1ticas situaciones, Dios est\u00e1 cerca, y hace obras grandes de salvaci\u00f3n para quien conf\u00eda en \u00c9l. No se debe ceder a la desesperaci\u00f3n, sino continuar a estar seguros de que el bien vence al mal, y de que el Se\u00f1or secar\u00e1 toda l\u00e1grima y nos liberar\u00e1 de todo temor.<br \/>\nPor eso Jerem\u00edas da su voz a las palabras del amor de Dios por su pueblo: \u00abYo te am\u00e9 con un amor eterno, por eso te atraje con fidelidad. De nuevo te edificar\u00e9 y ser\u00e1s reedificada, virgen de Israel; de nuevo te adornar\u00e1s con tus tamboriles y saldr\u00e1s danzando alegremente\u00bb (31,3-4).<br \/>\nEl Se\u00f1or es fiel, no abandona en la desolaci\u00f3n. Dios ama con un amor sin fin, que ni siquiera el pecado puede frenar, y gracias a \u00c9l el coraz\u00f3n del hombre se llena de alegr\u00eda y de consolaci\u00f3n.<br \/>\nEl sue\u00f1o consolador del regreso a la patria continua en las palabras del profeta, que dirigi\u00e9ndose a cuantos regresaran a Jerusal\u00e9n dice: \u00abLlegar\u00e1n gritando de alegr\u00eda a la altura de Si\u00f3n, afluir\u00e1n hacia los bienes del Se\u00f1or, hacia el trigo, el vino nuevo y el aceite, hacia las cr\u00edas de ovejas y de vacas. Sus almas ser\u00e1n como un jard\u00edn bien regado y no volver\u00e1n a desfallecer\u00bb (31,12).<br \/>\nEn la alegr\u00eda y en la gratitud, los exiliados retornaran a Si\u00f3n, subiendo al monte santo hacia la casa de Dios, y as\u00ed podr\u00e1n de nuevo elevar himnos y oraciones al Se\u00f1or que los ha liberado.<br \/>\nEste regreso a Jerusal\u00e9n y a sus bienes es descrito con un verbo que literalmente quiere decir \u201cafluir, correr\u201d. El pueblo es considerado, en un movimiento parad\u00f3jico, como un r\u00edo caudaloso que corre hacia la altura de Si\u00f3n, subiendo hacia la cima del monte. \u00a1Una imagen audaz para decir cu\u00e1nto es grande la misericordia del Se\u00f1or!<br \/>\nLa tierra, que el pueblo hab\u00eda debido abandonar, se hab\u00eda convertido en presa de los enemigos y desolada. Ahora, en cambio, retoma vida y florece. Y los exiliados mismos ser\u00e1n como un jard\u00edn irrigado, como una tierra f\u00e9rtil. Israel, llevado a su patria por su Se\u00f1or, asiste a la victoria de la vida sobre la muerte y de la bendici\u00f3n sobre la maldici\u00f3n.<br \/>\nY as\u00ed el pueblo es fortificado y \u2013 esta palabra es importante: \u00a1consolado! \u2013 es consolado por Dios. Los repatriados reciben vida de una fuente que gratuitamente los irriga.<br \/>\nA este punto, el profeta anuncia la plenitud de la alegr\u00eda, y siempre en nombre de Dios proclama: \u00abYo cambiar\u00e9 su duelo en alegr\u00eda, los alegrar\u00e9 y los consolar\u00e9 de su aflicci\u00f3n\u00bb (31,13).<br \/>\nEl salmo nos dice que cuando regresaron a su patria la boca se les llen\u00f3 de sonrisa; \u00a1es una alegr\u00eda tan grande! Es el don que el Se\u00f1or quiere hacer tambi\u00e9n a cada uno de nosotros, con su perd\u00f3n que convierte y reconcilia.<br \/>\nEl profeta Jerem\u00edas nos ha dado el anuncio, presentando el regreso de los exiliados como un gran s\u00edmbolo de la consolaci\u00f3n dado al coraz\u00f3n que se convierte. El Se\u00f1or Jes\u00fas, por su parte, ha llevado a cumplimiento este mensaje del profeta. El verdadero y radical regreso del exilio y la confortante luz despu\u00e9s de la oscuridad de la crisis de fe, se realiza en la Pascua, en la experiencia llena y definitiva del amor de Dios, amor misericordioso que dona alegr\u00eda, paz y vida eterna\u00bb.<\/p>\n<p>(Traducci\u00f3n del italiano, Renato Martinez \u2013 Radio Vaticano)<\/p>\n<p>Fuente: News.va<\/p>\n<!-- AddThis Advanced Settings generic via filter on the_content --><!-- AddThis Share Buttons generic via filter on the_content -->","protected":false},"excerpt":{"rendered":"<p>CATEQUESIS DEL PAPA: EL SE\u00d1OR ES FIEL, NO ABANDONA EN LA DESOLACI\u00d3N Queridos amigos, les ofrecemos el texto completo de la catequesis de hoy del [&hellip;]<!-- AddThis Advanced Settings generic via filter on get_the_excerpt --><!-- AddThis Share Buttons generic via filter on get_the_excerpt --><\/p>\n","protected":false},"author":2,"featured_media":11498,"comment_status":"open","ping_status":"open","sticky":false,"template":"","format":"standard","meta":{"footnotes":""},"categories":[161],"tags":[],"class_list":["post-11497","post","type-post","status-publish","format-standard","has-post-thumbnail","hentry","category-el-papa-leonxiv"],"_links":{"self":[{"href":"https:\/\/obispadodezaratecampana.org\/index.php?rest_route=\/wp\/v2\/posts\/11497","targetHints":{"allow":["GET"]}}],"collection":[{"href":"https:\/\/obispadodezaratecampana.org\/index.php?rest_route=\/wp\/v2\/posts"}],"about":[{"href":"https:\/\/obispadodezaratecampana.org\/index.php?rest_route=\/wp\/v2\/types\/post"}],"author":[{"embeddable":true,"href":"https:\/\/obispadodezaratecampana.org\/index.php?rest_route=\/wp\/v2\/users\/2"}],"replies":[{"embeddable":true,"href":"https:\/\/obispadodezaratecampana.org\/index.php?rest_route=%2Fwp%2Fv2%2Fcomments&post=11497"}],"version-history":[{"count":1,"href":"https:\/\/obispadodezaratecampana.org\/index.php?rest_route=\/wp\/v2\/posts\/11497\/revisions"}],"predecessor-version":[{"id":11499,"href":"https:\/\/obispadodezaratecampana.org\/index.php?rest_route=\/wp\/v2\/posts\/11497\/revisions\/11499"}],"wp:featuredmedia":[{"embeddable":true,"href":"https:\/\/obispadodezaratecampana.org\/index.php?rest_route=\/wp\/v2\/media\/11498"}],"wp:attachment":[{"href":"https:\/\/obispadodezaratecampana.org\/index.php?rest_route=%2Fwp%2Fv2%2Fmedia&parent=11497"}],"wp:term":[{"taxonomy":"category","embeddable":true,"href":"https:\/\/obispadodezaratecampana.org\/index.php?rest_route=%2Fwp%2Fv2%2Fcategories&post=11497"},{"taxonomy":"post_tag","embeddable":true,"href":"https:\/\/obispadodezaratecampana.org\/index.php?rest_route=%2Fwp%2Fv2%2Ftags&post=11497"}],"curies":[{"name":"wp","href":"https:\/\/api.w.org\/{rel}","templated":true}]}}