{"id":11491,"date":"2016-03-17T09:48:02","date_gmt":"2016-03-17T12:48:02","guid":{"rendered":"http:\/\/obispadodezaratecampana.org\/?p=11491"},"modified":"2016-03-17T09:56:51","modified_gmt":"2016-03-17T12:56:51","slug":"ano-de-la-misericordia-folletos-sobre-la-confesion","status":"publish","type":"post","link":"https:\/\/obispadodezaratecampana.org\/?p=11491","title":{"rendered":"A\u00f1o de la Misericordia: Folletos sobre la Confesi\u00f3n"},"content":{"rendered":"<p>Queridos lectores: esta imagen representa la primer y ultima parte de un folleto impreso a color vinculado a la Confesi\u00f3n en el a\u00f1o de la Misericordia:<\/p>\n<p><img fetchpriority=\"high\" decoding=\"async\" class=\" wp-image-11493 aligncenter\" src=\"http:\/\/obispadodezaratecampana.org\/wp-content\/uploads\/2016\/03\/misericordia-300x240.jpg\" alt=\"misericordia\" width=\"354\" height=\"283\" srcset=\"https:\/\/obispadodezaratecampana.org\/wp-content\/uploads\/2016\/03\/misericordia-300x240.jpg 300w, https:\/\/obispadodezaratecampana.org\/wp-content\/uploads\/2016\/03\/misericordia-1024x821.jpg 1024w, https:\/\/obispadodezaratecampana.org\/wp-content\/uploads\/2016\/03\/misericordia.jpg 1536w\" sizes=\"(max-width: 354px) 100vw, 354px\" \/><\/p>\n<p>Quienes deseen adquirirlos pueden solicitarlos a:<\/p>\n<p><em>1. Delegaci\u00f3n Diocesana de Animaci\u00f3n Misionera de Z\u00e1rate-Campana:<\/em><\/p>\n<p><em>Correo Electr\u00f3nico: gruposmisioneroszc@gmail.com<\/em><\/p>\n<p><em>2. Obispado de Z\u00e1rate-Campana:\u00a0<\/em><\/p>\n<p><em>Tel\u00e9fono Fax: 03489- 422817\/4226606<\/em><\/p>\n<p>Lo que se recaude es a beneficio de la Delegaci\u00f3n Diocesana de Animaci\u00f3n Misionera &#8211; cuyo responsable es el padre Gabriel Micheli -.<\/p>\n<p>&nbsp;<\/p>\n<p>&nbsp;<\/p>\n<!-- AddThis Advanced Settings generic via filter on the_content --><!-- AddThis Share Buttons generic via filter on the_content -->","protected":false},"excerpt":{"rendered":"<p>Queridos lectores: esta imagen representa la primer y ultima parte de un folleto impreso a color vinculado a la Confesi\u00f3n en el a\u00f1o de la [&hellip;]<!-- AddThis Advanced Settings generic via filter on get_the_excerpt --><!-- AddThis Share Buttons generic via filter on get_the_excerpt --><\/p>\n","protected":false},"author":2,"featured_media":11493,"comment_status":"open","ping_status":"open","sticky":false,"template":"","format":"standard","meta":{"footnotes":""},"categories":[1],"tags":[],"class_list":["post-11491","post","type-post","status-publish","format-standard","has-post-thumbnail","hentry","category-noticiasdiocesanas"],"_links":{"self":[{"href":"https:\/\/obispadodezaratecampana.org\/index.php?rest_route=\/wp\/v2\/posts\/11491","targetHints":{"allow":["GET"]}}],"collection":[{"href":"https:\/\/obispadodezaratecampana.org\/index.php?rest_route=\/wp\/v2\/posts"}],"about":[{"href":"https:\/\/obispadodezaratecampana.org\/index.php?rest_route=\/wp\/v2\/types\/post"}],"author":[{"embeddable":true,"href":"https:\/\/obispadodezaratecampana.org\/index.php?rest_route=\/wp\/v2\/users\/2"}],"replies":[{"embeddable":true,"href":"https:\/\/obispadodezaratecampana.org\/index.php?rest_route=%2Fwp%2Fv2%2Fcomments&post=11491"}],"version-history":[{"count":3,"href":"https:\/\/obispadodezaratecampana.org\/index.php?rest_route=\/wp\/v2\/posts\/11491\/revisions"}],"predecessor-version":[{"id":11496,"href":"https:\/\/obispadodezaratecampana.org\/index.php?rest_route=\/wp\/v2\/posts\/11491\/revisions\/11496"}],"wp:featuredmedia":[{"embeddable":true,"href":"https:\/\/obispadodezaratecampana.org\/index.php?rest_route=\/wp\/v2\/media\/11493"}],"wp:attachment":[{"href":"https:\/\/obispadodezaratecampana.org\/index.php?rest_route=%2Fwp%2Fv2%2Fmedia&parent=11491"}],"wp:term":[{"taxonomy":"category","embeddable":true,"href":"https:\/\/obispadodezaratecampana.org\/index.php?rest_route=%2Fwp%2Fv2%2Fcategories&post=11491"},{"taxonomy":"post_tag","embeddable":true,"href":"https:\/\/obispadodezaratecampana.org\/index.php?rest_route=%2Fwp%2Fv2%2Ftags&post=11491"}],"curies":[{"name":"wp","href":"https:\/\/api.w.org\/{rel}","templated":true}]}}