{"id":11447,"date":"2016-03-15T09:55:46","date_gmt":"2016-03-15T12:55:46","guid":{"rendered":"http:\/\/obispadodezaratecampana.org\/?p=11447"},"modified":"2016-03-16T05:32:39","modified_gmt":"2016-03-16T08:32:39","slug":"11447","status":"publish","type":"post","link":"https:\/\/obispadodezaratecampana.org\/?p=11447","title":{"rendered":"Oraciones &#8211; Martes 15 de marzo &#8211; D\u00eda 6 &#8211; Novena a San Jose"},"content":{"rendered":"<p><img fetchpriority=\"high\" decoding=\"async\" class=\"size-medium wp-image-11448 aligncenter\" src=\"http:\/\/obispadodezaratecampana.org\/wp-content\/uploads\/2016\/03\/sanjose1-219x300.jpg\" alt=\"sanjose\" width=\"219\" height=\"300\" srcset=\"https:\/\/obispadodezaratecampana.org\/wp-content\/uploads\/2016\/03\/sanjose1-219x300.jpg 219w, https:\/\/obispadodezaratecampana.org\/wp-content\/uploads\/2016\/03\/sanjose1.jpg 365w\" sizes=\"(max-width: 219px) 100vw, 219px\" \/><\/p>\n<p>Por la se\u00f1al, de la Santa Cruz, de nuestros enemigos, libranos Se\u00f1or Nuestro. En el nombre del Padre, del hijo y del Esp\u00edritu Santo. Am\u00e9n.<\/p>\n<p>Oraci\u00f3n para empezar todos los d\u00edas<\/p>\n<p>Oh glorios\u00edsimo Padre de Jes\u00fas, Esposo de Mar\u00eda. Patriarca y Protector de la Santa Iglesia, a quien el Padre Eterno confi\u00f3 el cuidado de gobernar, regir y defender en la tierra la Sagrada Familia; prot\u00e9genos tambi\u00e9n a nosotros, que pertenecemos, como fieles cat\u00f3licos, a la santa familia de tu Hijo que es la Iglesia, y alc\u00e1nzanos los bienes necesarios de esta vida, y sobre todo los auxilios espirituales para la vida eterna. Alc\u00e1nzanos especialmente estas tres gracias, la de no cometer jam\u00e1s ning\u00fan pecado mortal, principalmente contra la castidad; la de un sincero amor y devoci\u00f3n a Jes\u00fas y Mar\u00eda, y la de una buena muerte, recibiendo bien los \u00faltimos Sacramentos. Conc\u00e9denos adem\u00e1s la gracia especial que te pedimos cada uno en esta novena.<\/p>\n<p>P\u00eddase con fervor y confianza la gracia que se desea obtener.<\/p>\n<p>Oraci\u00f3n del d\u00eda correspondiente<\/p>\n<p>Oh benign\u00edsimo Jes\u00fas as\u00ed como tu padre amado te sustent\u00f3 en Nazaret, y en cambio t\u00fa le premiaste en tu sant\u00edsima compa\u00f1\u00eda tantos a\u00f1os, con tu doctrina y tu dulce conversaci\u00f3n, as\u00ed te rogamos humildemente, por intercesi\u00f3n de San Jos\u00e9 nos concedas el sustento espiritual de tu gracia, y de tu santa comuni\u00f3n, y que vivamos santa y modestamente, como t\u00fa en Nazaret.<\/p>\n<p>Oraci\u00f3n final para todos los d\u00edas<\/p>\n<p>Oh custodio y padre de V\u00edrgenes San Jos\u00e9 a cuya fiel custodia fueron encomendadas la misma inocencia de Cristo Jes\u00fas y la Virgen de las v\u00edrgenes Mar\u00eda; por estas dos querid\u00edsimas prendas Jes\u00fas y Mar\u00eda, te ruego y suplico me alcances, que preservado yo de toda impureza, sirva siempre cast\u00edsimamente con alma limpia, coraz\u00f3n puro y cuerpo casto a Jes\u00fas y a Mar\u00eda. Am\u00e9n.<\/p>\n<p>Jes\u00fas Jos\u00e9 y Mar\u00eda<br \/>\nos doy mi coraz\u00f3n y el alma m\u00eda<\/p>\n<p>Jes\u00fas, Jos\u00e9 y Mar\u00eda<br \/>\nasistidme en mi \u00faltima agon\u00eda.<\/p>\n<p>Jes\u00fas, Jos\u00e9 y Mar\u00eda<br \/>\ncon Vos descanse en paz el alma m\u00eda.<\/p>\n<p>Padrenuestro, Avemar\u00eda y Gloria<\/p>\n<p>Ant\u00edfona<\/p>\n<p>Ten\u00eda el mismo Jes\u00fas, al empezar su vida p\u00fablica, cerca de treinta a\u00f1os, hijo, seg\u00fan se pensaba de Jos\u00e9.<\/p>\n<p>V. San Jos\u00e9, ruega por nosotros.<br \/>\nR. Para que seamos dignos de alcanzar las promesas de Jesucristo.<\/p>\n<p>Oraci\u00f3n final<\/p>\n<p>Oh Dios que con inefable providencia te dignaste escoger al bienaventurado Jos\u00e9 por Esposo de tu Madre Sant\u00edsima; conc\u00e9denos que, pues le veneramos como protector en la tierra, merezcamos tenerle como protector en los cielos. Oh Dios que vives y reinas en los siglos de los siglos. Am\u00e9n.<\/p>\n<p>&nbsp;<\/p>\n<!-- AddThis Advanced Settings generic via filter on the_content --><!-- AddThis Share Buttons generic via filter on the_content -->","protected":false},"excerpt":{"rendered":"<p>Por la se\u00f1al, de la Santa Cruz, de nuestros enemigos, libranos Se\u00f1or Nuestro. En el nombre del Padre, del hijo y del Esp\u00edritu Santo. Am\u00e9n. [&hellip;]<!-- AddThis Advanced Settings generic via filter on get_the_excerpt --><!-- AddThis Share Buttons generic via filter on get_the_excerpt --><\/p>\n","protected":false},"author":2,"featured_media":11449,"comment_status":"open","ping_status":"open","sticky":false,"template":"","format":"standard","meta":{"footnotes":""},"categories":[166],"tags":[],"class_list":["post-11447","post","type-post","status-publish","format-standard","has-post-thumbnail","hentry","category-santoral"],"_links":{"self":[{"href":"https:\/\/obispadodezaratecampana.org\/index.php?rest_route=\/wp\/v2\/posts\/11447","targetHints":{"allow":["GET"]}}],"collection":[{"href":"https:\/\/obispadodezaratecampana.org\/index.php?rest_route=\/wp\/v2\/posts"}],"about":[{"href":"https:\/\/obispadodezaratecampana.org\/index.php?rest_route=\/wp\/v2\/types\/post"}],"author":[{"embeddable":true,"href":"https:\/\/obispadodezaratecampana.org\/index.php?rest_route=\/wp\/v2\/users\/2"}],"replies":[{"embeddable":true,"href":"https:\/\/obispadodezaratecampana.org\/index.php?rest_route=%2Fwp%2Fv2%2Fcomments&post=11447"}],"version-history":[{"count":3,"href":"https:\/\/obispadodezaratecampana.org\/index.php?rest_route=\/wp\/v2\/posts\/11447\/revisions"}],"predecessor-version":[{"id":11452,"href":"https:\/\/obispadodezaratecampana.org\/index.php?rest_route=\/wp\/v2\/posts\/11447\/revisions\/11452"}],"wp:featuredmedia":[{"embeddable":true,"href":"https:\/\/obispadodezaratecampana.org\/index.php?rest_route=\/wp\/v2\/media\/11449"}],"wp:attachment":[{"href":"https:\/\/obispadodezaratecampana.org\/index.php?rest_route=%2Fwp%2Fv2%2Fmedia&parent=11447"}],"wp:term":[{"taxonomy":"category","embeddable":true,"href":"https:\/\/obispadodezaratecampana.org\/index.php?rest_route=%2Fwp%2Fv2%2Fcategories&post=11447"},{"taxonomy":"post_tag","embeddable":true,"href":"https:\/\/obispadodezaratecampana.org\/index.php?rest_route=%2Fwp%2Fv2%2Ftags&post=11447"}],"curies":[{"name":"wp","href":"https:\/\/api.w.org\/{rel}","templated":true}]}}