{"id":11444,"date":"2016-03-14T22:29:44","date_gmt":"2016-03-15T01:29:44","guid":{"rendered":"http:\/\/obispadodezaratecampana.org\/?p=11444"},"modified":"2016-03-14T22:29:44","modified_gmt":"2016-03-15T01:29:44","slug":"francisco-confiar-en-el-senor-incluso-cuando-no-entendemos-el-porque-de-lo-que-sucede","status":"publish","type":"post","link":"https:\/\/obispadodezaratecampana.org\/?p=11444","title":{"rendered":"Francisco : Confiar en el Se\u00f1or incluso cuando no entendemos el porque de lo que sucede"},"content":{"rendered":"<p>HOMIL\u00cdA DEL LUNES: CONFIAR EN EL SE\u00d1OR INCLUSO CUANDO NO ENTENDEMOS EL POR QU\u00c9 DE LO QUE SUCEDE<\/p>\n<p>Ante los \u201cvalles oscuros\u201d \u2013todas el mal que vemos a nuestro alrededor- de nuestro tiempo, la \u00fanica respuesta es encomendarse a Dios. Incluso cuando no entendemos, como sucede ante una enfermedad rara de un ni\u00f1o, encomend\u00e9monos en las manos del Se\u00f1or, que jam\u00e1s deja solo a su pueblo. Este fue el mensaje del Papa Francisco en su homil\u00eda de hoy.<br \/>\nCu\u00e1ntos valles oscuros. \u00bfD\u00f3nde est\u00e1s Se\u00f1or?<br \/>\nEl Se\u00f1or \u2013 dijo el Santo Padre \u2013siempre camina con nosotros, nos quiere y no nos abandona. \u201cCuando nosotros hoy vemos tantos valles oscuros, tantas desgracias, tanta gente que se muere de hambre, de guerra, tantos ni\u00f1os minusv\u00e1lidos, tantos\u2026 tantos que ahora, t\u00fa les preguntas a sus padres: \u2018\u00bfPero qu\u00e9 enfermedad tiene?\u2019 \u2013 \u2018Nadie lo sabe: se llama enfermedad rara\u2019\u2026 Cuando uno ve todo esto, se pregunta: \u00bfpero d\u00f3nde est\u00e1 el Se\u00f1or? \u00bfD\u00f3nde est\u00e1s? \u00bfT\u00fa caminas conmigo?<br \/>\nUno ve a estas cuatro hermanas de la Caridad masacradas hace pocos d\u00edas: serv\u00edan por amor, y \u00a1terminaron masacradas por odio! Cuando t\u00fa ves que se cierran las puertas a los pr\u00f3fugos y se los deja fuera, al aire, con el fr\u00edo\u2026 \u00bfPero Se\u00f1or, d\u00f3nde est\u00e1s T\u00fa?\u201d.<br \/>\n\u00bfPor qu\u00e9 sufre un ni\u00f1o? No lo s\u00e9, pero me encomiendo a Dios<br \/>\n\u201c\u00bfC\u00f3mo puedo encomendarme a Ti \u2013 se pregunt\u00f3 el Papa \u2013 si veo todas estas cosas? Y cuando las cosas me suceden a m\u00ed, cada uno de nosotros puede decir: \u00bfC\u00f3mo me encomiendo a Ti?\u201d.<br \/>\nPara esta pregunta, existe solo una respuesta:<br \/>\n\u201cNo se puede explicar, no, yo no soy capaz de esto\u201d: \u201c\u00bfPor qu\u00e9 sufre un ni\u00f1o? No lo s\u00e9: es un misterio para m\u00ed. S\u00f3lo me da un poco de luz \u2013no a la mente, sino al alma \u2013 Jes\u00fas en el Getseman\u00ed: \u2018Padre, este c\u00e1liz, no. Pero que se haga Tu voluntad\u2019. Se encomienda a la voluntad del Padre.<br \/>\nJes\u00fas sabe que no termina todo con la muerte o con la angustia; y sus \u00faltimas palabras en la Cruz son: \u2018\u00a1Padre, en Tus manos me encomiendo!\u2019, y muere as\u00ed. Encomendarse a Dios, que camina conmigo, que camina con mi pueblo, que camina con la Iglesia: y esto es un acto de fe. Yo me encomiendo. No s\u00e9: no s\u00e9 porqu\u00e9 sucede esto, pero yo me encomiendo. T\u00fa, Se\u00f1or, sabr\u00e1s por qu\u00e9\u201d.<br \/>\nEl mal no es definitivo, el Se\u00f1or est\u00e1 siempre con nosotros<br \/>\nEl Papa tambi\u00e9n afirm\u00f3 que \u00e9sta es la ense\u00f1anza de Jes\u00fas: a quien se encomienda al Se\u00f1or, que es Pastor, no le falta nada\u201d. Incluso si va por un valle oscuro \u2013 a\u00f1adi\u00f3 \u2013 \u201csabe que el mal es un mal del momento, pero no habr\u00e1 mal definitivo porque el Se\u00f1or est\u00e1, \u2018porque T\u00fa Se\u00f1or est\u00e1s conmigo\u2019.<br \/>\nY explic\u00f3 que \u00e9sta es \u201cuna gracia\u201d que debemos pedir: \u201cSe\u00f1or, ens\u00e9\u00f1ame a encomendarme en tus manos, a encomendarme a tu gu\u00eda, tambi\u00e9n en los momentos feos, en los momentos oscuros, en el momento de la muerte\u201d:<br \/>\n\u201cNos har\u00e1 bien, hoy, pensar en nuestra vida, en los problemas que tenemos y pedir la gracia de encomendarnos en las manos de Dios. Pensar en tanta gente que ni siquiera recibe una \u00faltima caricia en el momento de morir. Hace tres d\u00edas falleci\u00f3 una persona sin hogar, aqu\u00ed, por la calle: muri\u00f3 de fr\u00edo. En plena Roma, una ciudad con todas las posibilidades para ayudar. \u00bfPor qu\u00e9, Se\u00f1or? Ni siquiera una caricia\u2026 Pero yo me encomiendo, porque T\u00fa no decepcionas\u201d.<br \/>\nY precisamente \u201cSe\u00f1or, no entiendo, es una bella oraci\u00f3n: incluso sin comprender, me conf\u00edo a tus manos\u201d.<\/p>\n<p>Fuente: News.va<\/p>\n<!-- AddThis Advanced Settings generic via filter on the_content --><!-- AddThis Share Buttons generic via filter on the_content -->","protected":false},"excerpt":{"rendered":"<p>HOMIL\u00cdA DEL LUNES: CONFIAR EN EL SE\u00d1OR INCLUSO CUANDO NO ENTENDEMOS EL POR QU\u00c9 DE LO QUE SUCEDE Ante los \u201cvalles oscuros\u201d \u2013todas el mal [&hellip;]<!-- AddThis Advanced Settings generic via filter on get_the_excerpt --><!-- AddThis Share Buttons generic via filter on get_the_excerpt --><\/p>\n","protected":false},"author":2,"featured_media":11445,"comment_status":"open","ping_status":"open","sticky":false,"template":"","format":"standard","meta":{"footnotes":""},"categories":[161],"tags":[],"class_list":["post-11444","post","type-post","status-publish","format-standard","has-post-thumbnail","hentry","category-el-papa-leonxiv"],"_links":{"self":[{"href":"https:\/\/obispadodezaratecampana.org\/index.php?rest_route=\/wp\/v2\/posts\/11444","targetHints":{"allow":["GET"]}}],"collection":[{"href":"https:\/\/obispadodezaratecampana.org\/index.php?rest_route=\/wp\/v2\/posts"}],"about":[{"href":"https:\/\/obispadodezaratecampana.org\/index.php?rest_route=\/wp\/v2\/types\/post"}],"author":[{"embeddable":true,"href":"https:\/\/obispadodezaratecampana.org\/index.php?rest_route=\/wp\/v2\/users\/2"}],"replies":[{"embeddable":true,"href":"https:\/\/obispadodezaratecampana.org\/index.php?rest_route=%2Fwp%2Fv2%2Fcomments&post=11444"}],"version-history":[{"count":1,"href":"https:\/\/obispadodezaratecampana.org\/index.php?rest_route=\/wp\/v2\/posts\/11444\/revisions"}],"predecessor-version":[{"id":11446,"href":"https:\/\/obispadodezaratecampana.org\/index.php?rest_route=\/wp\/v2\/posts\/11444\/revisions\/11446"}],"wp:featuredmedia":[{"embeddable":true,"href":"https:\/\/obispadodezaratecampana.org\/index.php?rest_route=\/wp\/v2\/media\/11445"}],"wp:attachment":[{"href":"https:\/\/obispadodezaratecampana.org\/index.php?rest_route=%2Fwp%2Fv2%2Fmedia&parent=11444"}],"wp:term":[{"taxonomy":"category","embeddable":true,"href":"https:\/\/obispadodezaratecampana.org\/index.php?rest_route=%2Fwp%2Fv2%2Fcategories&post=11444"},{"taxonomy":"post_tag","embeddable":true,"href":"https:\/\/obispadodezaratecampana.org\/index.php?rest_route=%2Fwp%2Fv2%2Ftags&post=11444"}],"curies":[{"name":"wp","href":"https:\/\/api.w.org\/{rel}","templated":true}]}}