{"id":11427,"date":"2016-03-14T21:47:59","date_gmt":"2016-03-15T00:47:59","guid":{"rendered":"http:\/\/obispadodezaratecampana.org\/?p=11427"},"modified":"2016-03-14T21:58:21","modified_gmt":"2016-03-15T00:58:21","slug":"novedades-desde-nuestra-caritas-diocesana","status":"publish","type":"post","link":"https:\/\/obispadodezaratecampana.org\/?p=11427","title":{"rendered":":: Novedades desde nuestra C\u00e1ritas Diocesana ::"},"content":{"rendered":"<p>Durante dos fines de semana consecutivos, en el mes de marzo, miembros de nuestra Caritas diocesana , participaron de diversos encuentros. El 5 y 6 de marzo: Encuentro Regional de Caritas &#8211; 11 al 13 de marzo Encuentro Nacional de Referentes de Colecta.<\/p>\n<p>A continuaci\u00f3n compartimos el testimonio desde el perfil de facebook de C\u00e1ritas al respecto de esto eventos:<\/p>\n<p><a title=\"caritaszc\" href=\"https:\/\/www.facebook.com\/Caritas-Zaratecampana-125856251083922\/?fref=ts\" target=\"_blank\">https:\/\/www.facebook.com\/Caritas-Zaratecampana-125856251083922\/?fref=ts<\/a><\/p>\n<p style=\"text-align: center;\"><strong>ENCUENTRO REGIONAL DE CARITAS<\/strong><\/p>\n<h5 style=\"text-align: center;\">Foto : Participantes de nuestra di\u00f3cesis (de izq a der) : Silvina Rimoli &#8211; Vicedirectora y Animaci\u00f3n -, Jer\u00f3nimo Mart\u00ednez &#8211; Vicepresidente &#8211; , Gabriel Lopez Camelo &#8211; Comunicaci\u00f3n &#8211;\u00a0, Nadia Mandel &#8211; Formaci\u00f3n- , Ricardo Raggio &#8211; Contador &#8211; ,\u00a0\u00a0Lucas Gebel &#8211; Animaci\u00f3n-<\/h5>\n<p style=\"text-align: center;\"><img fetchpriority=\"high\" decoding=\"async\" class=\" wp-image-11430 aligncenter\" src=\"http:\/\/obispadodezaratecampana.org\/wp-content\/uploads\/2016\/03\/12717935_239731503029729_5683714523345435416_n-300x225.jpg\" alt=\"12717935_239731503029729_5683714523345435416_n\" width=\"434\" height=\"270\" \/><\/p>\n<p><em>&#8220;Apasionados por el bien, rechazo a toda injusticia, nos alentamos mutuamente a la Esperanza, a la Luz de la Misericordia &#8220;(Monse\u00f1or Gustavo Help).<\/em><br \/>\n<em>Momentos compartidos con las Caritas de la Regi\u00f3n del Litoral (Di\u00f3cesis de San Nicol\u00e1s, Santa Fe, Venado Tuerto, Rosario, Rafaela, Paran\u00e1, Gualeguaych\u00fa, Concordia y Z\u00e1rate Campana).<\/em><br \/>\n<em>Gracias Caritas Gualeguaych\u00fa por el hospitalario recibimiento y por el amor que nos brindaron en el pasado fin de semana, trabajando en comuni\u00f3n fraternal para fortalecernos en la animaci\u00f3n, formaci\u00f3n y proyectos de las Caritas Diocesanas que conforman la regi\u00f3n. <\/em><br \/>\n<em>Gracias al acompa\u00f1amiento de Monse\u00f1or Gustavo Help y a nuestra referente regional Marite Maldonado. <\/em><br \/>\n<em>El Se\u00f1or colme de bendiciones y la Sant\u00edsima Madre siga guiandonos con su luz de esperanza en \u00e9sta hermosa labor de la caridad.<\/em><\/p>\n<p><img decoding=\"async\" class=\"size-medium wp-image-11428 aligncenter\" src=\"http:\/\/obispadodezaratecampana.org\/wp-content\/uploads\/2016\/03\/12814644_239731559696390_2455773802466836597_n-300x225.jpg\" alt=\"12814644_239731559696390_2455773802466836597_n\" width=\"300\" height=\"225\" srcset=\"https:\/\/obispadodezaratecampana.org\/wp-content\/uploads\/2016\/03\/12814644_239731559696390_2455773802466836597_n-300x225.jpg 300w, https:\/\/obispadodezaratecampana.org\/wp-content\/uploads\/2016\/03\/12814644_239731559696390_2455773802466836597_n.jpg 720w\" sizes=\"(max-width: 300px) 100vw, 300px\" \/><\/p>\n<p><img decoding=\"async\" class=\"size-medium wp-image-11429 aligncenter\" src=\"http:\/\/obispadodezaratecampana.org\/wp-content\/uploads\/2016\/03\/12804901_239731533029726_2006993716000558239_n-300x225.jpg\" alt=\"12804901_239731533029726_2006993716000558239_n\" width=\"300\" height=\"225\" srcset=\"https:\/\/obispadodezaratecampana.org\/wp-content\/uploads\/2016\/03\/12804901_239731533029726_2006993716000558239_n-300x225.jpg 300w, https:\/\/obispadodezaratecampana.org\/wp-content\/uploads\/2016\/03\/12804901_239731533029726_2006993716000558239_n.jpg 720w\" sizes=\"(max-width: 300px) 100vw, 300px\" \/><\/p>\n<p>&nbsp;<\/p>\n<p style=\"text-align: center;\"><strong>ENCUENTRO NACIONAL DE REFERENTES DE COLECTA<\/strong><\/p>\n<h5 style=\"text-align: center;\">Foto : Participantes de nuestra di\u00f3cesis:\u00a0 Silvina R\u00edmoli &#8211; Vicedirectora y \u00c1rea de animaci\u00f3n &#8211; y\u00a0Gabriel Lopez Camelo &#8211; \u00a0\u00c1rea de comunicaci\u00f3n -.<\/h5>\n<p style=\"text-align: center;\"><img loading=\"lazy\" decoding=\"async\" class=\" wp-image-11433 aligncenter\" src=\"http:\/\/obispadodezaratecampana.org\/wp-content\/uploads\/2016\/03\/10176015_242479086088304_5715439081373146617_n-300x168.jpg\" alt=\"10176015_242479086088304_5715439081373146617_n\" width=\"404\" height=\"226\" srcset=\"https:\/\/obispadodezaratecampana.org\/wp-content\/uploads\/2016\/03\/10176015_242479086088304_5715439081373146617_n-300x168.jpg 300w, https:\/\/obispadodezaratecampana.org\/wp-content\/uploads\/2016\/03\/10176015_242479086088304_5715439081373146617_n.jpg 960w\" sizes=\"(max-width: 404px) 100vw, 404px\" \/><\/p>\n<p><em>Momentos compartidos en el XVI Encuentro Nacional de Referentes de Colecta realizado del 11 al 13 de marzo.<\/em><br \/>\n<em>Vayamos con alegr\u00eda para vivir juntos el camino a la pr\u00f3xima colecta 2016, una hermosa tarea que nos convoca a todos para dar testimonio de amor y solidaridad.\u00a0<\/em><\/p>\n<p>&nbsp;<\/p>\n<p><a href=\"http:\/\/obispadodezaratecampana.org\/wp-content\/uploads\/2016\/03\/12813975_242478666088346_7939201014662208589_n.jpg\"><img loading=\"lazy\" decoding=\"async\" class=\" wp-image-11431 aligncenter\" src=\"http:\/\/obispadodezaratecampana.org\/wp-content\/uploads\/2016\/03\/12813975_242478666088346_7939201014662208589_n-300x168.jpg\" alt=\"12813975_242478666088346_7939201014662208589_n\" width=\"366\" height=\"205\" srcset=\"https:\/\/obispadodezaratecampana.org\/wp-content\/uploads\/2016\/03\/12813975_242478666088346_7939201014662208589_n-300x168.jpg 300w, https:\/\/obispadodezaratecampana.org\/wp-content\/uploads\/2016\/03\/12813975_242478666088346_7939201014662208589_n.jpg 960w\" sizes=\"(max-width: 366px) 100vw, 366px\" \/><\/a><\/p>\n<p><img loading=\"lazy\" decoding=\"async\" class=\" wp-image-11432 aligncenter\" src=\"http:\/\/obispadodezaratecampana.org\/wp-content\/uploads\/2016\/03\/16590_242478709421675_1563261435302490655_n-300x168.jpg\" alt=\"16590_242478709421675_1563261435302490655_n\" width=\"371\" height=\"231\" \/><\/p>\n<p>&nbsp;<\/p>\n<p>&nbsp;<\/p>\n<!-- AddThis Advanced Settings generic via filter on the_content --><!-- AddThis Share Buttons generic via filter on the_content -->","protected":false},"excerpt":{"rendered":"<p>Durante dos fines de semana consecutivos, en el mes de marzo, miembros de nuestra Caritas diocesana , participaron de diversos encuentros. El 5 y 6 [&hellip;]<!-- AddThis Advanced Settings generic via filter on get_the_excerpt --><!-- AddThis Share Buttons generic via filter on get_the_excerpt --><\/p>\n","protected":false},"author":2,"featured_media":11430,"comment_status":"open","ping_status":"open","sticky":false,"template":"","format":"standard","meta":{"footnotes":""},"categories":[1],"tags":[],"class_list":["post-11427","post","type-post","status-publish","format-standard","has-post-thumbnail","hentry","category-noticiasdiocesanas"],"_links":{"self":[{"href":"https:\/\/obispadodezaratecampana.org\/index.php?rest_route=\/wp\/v2\/posts\/11427","targetHints":{"allow":["GET"]}}],"collection":[{"href":"https:\/\/obispadodezaratecampana.org\/index.php?rest_route=\/wp\/v2\/posts"}],"about":[{"href":"https:\/\/obispadodezaratecampana.org\/index.php?rest_route=\/wp\/v2\/types\/post"}],"author":[{"embeddable":true,"href":"https:\/\/obispadodezaratecampana.org\/index.php?rest_route=\/wp\/v2\/users\/2"}],"replies":[{"embeddable":true,"href":"https:\/\/obispadodezaratecampana.org\/index.php?rest_route=%2Fwp%2Fv2%2Fcomments&post=11427"}],"version-history":[{"count":1,"href":"https:\/\/obispadodezaratecampana.org\/index.php?rest_route=\/wp\/v2\/posts\/11427\/revisions"}],"predecessor-version":[{"id":11434,"href":"https:\/\/obispadodezaratecampana.org\/index.php?rest_route=\/wp\/v2\/posts\/11427\/revisions\/11434"}],"wp:featuredmedia":[{"embeddable":true,"href":"https:\/\/obispadodezaratecampana.org\/index.php?rest_route=\/wp\/v2\/media\/11430"}],"wp:attachment":[{"href":"https:\/\/obispadodezaratecampana.org\/index.php?rest_route=%2Fwp%2Fv2%2Fmedia&parent=11427"}],"wp:term":[{"taxonomy":"category","embeddable":true,"href":"https:\/\/obispadodezaratecampana.org\/index.php?rest_route=%2Fwp%2Fv2%2Fcategories&post=11427"},{"taxonomy":"post_tag","embeddable":true,"href":"https:\/\/obispadodezaratecampana.org\/index.php?rest_route=%2Fwp%2Fv2%2Ftags&post=11427"}],"curies":[{"name":"wp","href":"https:\/\/api.w.org\/{rel}","templated":true}]}}