{"id":11417,"date":"2016-03-14T20:42:45","date_gmt":"2016-03-14T23:42:45","guid":{"rendered":"http:\/\/obispadodezaratecampana.org\/?p=11417"},"modified":"2016-03-14T20:42:45","modified_gmt":"2016-03-14T23:42:45","slug":"retiro-del-secretariado-nacional-del-mjvc-en-escobar","status":"publish","type":"post","link":"https:\/\/obispadodezaratecampana.org\/?p=11417","title":{"rendered":"Retiro del Secretariado Nacional del MJVC &#8211; en Escobar"},"content":{"rendered":"<p>Compartimos este breve y c\u00e1lido testimonio sobre el retiro de Secretariados Nacionales del MJVC \u00a0&#8211; realizado en las instalaciones del colegio San Vicente de Paul- :<\/p>\n<p><em>Retiro de secretariados del MJVC, realizado del 11 al 13 de marzo de 2016 en la ciudad de Escobar.<\/em><br \/>\n<em>Damos gracias al Se\u00f1or por tanta gracia derramada en estos d\u00edas y por darnos el impulso que necesitamos para enfrentar un a\u00f1o de mucho trabajo.<\/em><br \/>\n<em>Gracias a todos los que estuvieron acompa\u00f1ando con la oraci\u00f3n porque se sinti\u00f3 y mucho.<\/em><br \/>\n<em>El movimiento de jornadas esta en movimiento.<\/em><br \/>\n<em>\u00a1\u00a1DE COLORES!!<\/em><\/p>\n<p>Fuente:\u00a0<a title=\"mjvc\" href=\"https:\/\/www.facebook.com\/mjvc.argentina?fref=ts\" target=\"_blank\">https:\/\/www.facebook.com\/mjvc.argentina?fref=ts<\/a><\/p>\n<p><img fetchpriority=\"high\" decoding=\"async\" class=\" wp-image-11418 aligncenter\" src=\"http:\/\/obispadodezaratecampana.org\/wp-content\/uploads\/2016\/03\/395_625447537595943_8552135711111102272_n-300x168.jpg\" alt=\"395_625447537595943_8552135711111102272_n\" width=\"300\" height=\"201\" \/><\/p>\n<p><img decoding=\"async\" class=\" wp-image-11420 aligncenter\" src=\"http:\/\/obispadodezaratecampana.org\/wp-content\/uploads\/2016\/03\/10380968_625450384262325_1988917953309611903_n-300x225.jpg\" alt=\"10380968_625450384262325_1988917953309611903_n\" width=\"300\" height=\"256\" \/><\/p>\n<p><img decoding=\"async\" class=\"size-medium wp-image-11421 aligncenter\" src=\"http:\/\/obispadodezaratecampana.org\/wp-content\/uploads\/2016\/03\/10405366_625449770929053_6396801281258184870_n-300x225.jpg\" alt=\"10405366_625449770929053_6396801281258184870_n\" width=\"300\" height=\"225\" srcset=\"https:\/\/obispadodezaratecampana.org\/wp-content\/uploads\/2016\/03\/10405366_625449770929053_6396801281258184870_n-300x225.jpg 300w, https:\/\/obispadodezaratecampana.org\/wp-content\/uploads\/2016\/03\/10405366_625449770929053_6396801281258184870_n.jpg 960w\" sizes=\"(max-width: 300px) 100vw, 300px\" \/><\/p>\n<p><img loading=\"lazy\" decoding=\"async\" class=\"size-medium wp-image-11422 aligncenter\" src=\"http:\/\/obispadodezaratecampana.org\/wp-content\/uploads\/2016\/03\/12308608_625457364261627_2522080965454431078_n-300x225.jpg\" alt=\"12308608_625457364261627_2522080965454431078_n\" width=\"300\" height=\"225\" srcset=\"https:\/\/obispadodezaratecampana.org\/wp-content\/uploads\/2016\/03\/12308608_625457364261627_2522080965454431078_n-300x225.jpg 300w, https:\/\/obispadodezaratecampana.org\/wp-content\/uploads\/2016\/03\/12308608_625457364261627_2522080965454431078_n.jpg 960w\" sizes=\"(max-width: 300px) 100vw, 300px\" \/><\/p>\n<p><a href=\"http:\/\/obispadodezaratecampana.org\/wp-content\/uploads\/2016\/03\/12813966_625449824262381_2678814281245693716_n.jpg\"><img loading=\"lazy\" decoding=\"async\" class=\"size-medium wp-image-11424 aligncenter\" src=\"http:\/\/obispadodezaratecampana.org\/wp-content\/uploads\/2016\/03\/12813966_625449824262381_2678814281245693716_n-300x225.jpg\" alt=\"12813966_625449824262381_2678814281245693716_n\" width=\"300\" height=\"225\" srcset=\"https:\/\/obispadodezaratecampana.org\/wp-content\/uploads\/2016\/03\/12813966_625449824262381_2678814281245693716_n-300x225.jpg 300w, https:\/\/obispadodezaratecampana.org\/wp-content\/uploads\/2016\/03\/12813966_625449824262381_2678814281245693716_n.jpg 960w\" sizes=\"(max-width: 300px) 100vw, 300px\" \/><\/a><\/p>\n<!-- AddThis Advanced Settings generic via filter on the_content --><!-- AddThis Share Buttons generic via filter on the_content -->","protected":false},"excerpt":{"rendered":"<p>Compartimos este breve y c\u00e1lido testimonio sobre el retiro de Secretariados Nacionales del MJVC \u00a0&#8211; realizado en las instalaciones del colegio San Vicente de Paul- [&hellip;]<!-- AddThis Advanced Settings generic via filter on get_the_excerpt --><!-- AddThis Share Buttons generic via filter on get_the_excerpt --><\/p>\n","protected":false},"author":2,"featured_media":11422,"comment_status":"open","ping_status":"open","sticky":false,"template":"","format":"standard","meta":{"footnotes":""},"categories":[4],"tags":[],"class_list":["post-11417","post","type-post","status-publish","format-standard","has-post-thumbnail","hentry","category-movimientosinstituciones"],"_links":{"self":[{"href":"https:\/\/obispadodezaratecampana.org\/index.php?rest_route=\/wp\/v2\/posts\/11417","targetHints":{"allow":["GET"]}}],"collection":[{"href":"https:\/\/obispadodezaratecampana.org\/index.php?rest_route=\/wp\/v2\/posts"}],"about":[{"href":"https:\/\/obispadodezaratecampana.org\/index.php?rest_route=\/wp\/v2\/types\/post"}],"author":[{"embeddable":true,"href":"https:\/\/obispadodezaratecampana.org\/index.php?rest_route=\/wp\/v2\/users\/2"}],"replies":[{"embeddable":true,"href":"https:\/\/obispadodezaratecampana.org\/index.php?rest_route=%2Fwp%2Fv2%2Fcomments&post=11417"}],"version-history":[{"count":1,"href":"https:\/\/obispadodezaratecampana.org\/index.php?rest_route=\/wp\/v2\/posts\/11417\/revisions"}],"predecessor-version":[{"id":11426,"href":"https:\/\/obispadodezaratecampana.org\/index.php?rest_route=\/wp\/v2\/posts\/11417\/revisions\/11426"}],"wp:featuredmedia":[{"embeddable":true,"href":"https:\/\/obispadodezaratecampana.org\/index.php?rest_route=\/wp\/v2\/media\/11422"}],"wp:attachment":[{"href":"https:\/\/obispadodezaratecampana.org\/index.php?rest_route=%2Fwp%2Fv2%2Fmedia&parent=11417"}],"wp:term":[{"taxonomy":"category","embeddable":true,"href":"https:\/\/obispadodezaratecampana.org\/index.php?rest_route=%2Fwp%2Fv2%2Fcategories&post=11417"},{"taxonomy":"post_tag","embeddable":true,"href":"https:\/\/obispadodezaratecampana.org\/index.php?rest_route=%2Fwp%2Fv2%2Ftags&post=11417"}],"curies":[{"name":"wp","href":"https:\/\/api.w.org\/{rel}","templated":true}]}}