{"id":11411,"date":"2016-03-14T19:33:06","date_gmt":"2016-03-14T22:33:06","guid":{"rendered":"http:\/\/obispadodezaratecampana.org\/?p=11411"},"modified":"2016-03-14T19:33:06","modified_gmt":"2016-03-14T22:33:06","slug":"disertacion-la-ultima-cena-en-los-evangelios-lunes-santo-21-de-marzo-campana","status":"publish","type":"post","link":"https:\/\/obispadodezaratecampana.org\/?p=11411","title":{"rendered":"Disertaci\u00f3n : &#8220;La \u00faltima Cena en los Evangelios&#8221; &#8211; Lunes Santo: 21 de marzo &#8211; Campana"},"content":{"rendered":"<p><img fetchpriority=\"high\" decoding=\"async\" class=\"size-medium wp-image-11412 aligncenter\" src=\"http:\/\/obispadodezaratecampana.org\/wp-content\/uploads\/2016\/03\/12805725_803155843162231_1765127523250262576_n-300x192.jpg\" alt=\"12805725_803155843162231_1765127523250262576_n\" width=\"300\" height=\"192\" srcset=\"https:\/\/obispadodezaratecampana.org\/wp-content\/uploads\/2016\/03\/12805725_803155843162231_1765127523250262576_n-300x192.jpg 300w, https:\/\/obispadodezaratecampana.org\/wp-content\/uploads\/2016\/03\/12805725_803155843162231_1765127523250262576_n.jpg 943w\" sizes=\"(max-width: 300px) 100vw, 300px\" \/><\/p>\n<p><strong>Invitaci\u00f3n a la comunidad &#8211; \u00a0Disertaci\u00f3n sobre : &#8220;La \u00faltima Cena en los Evangelios&#8221;<\/strong><\/p>\n<p>Mons. Luis Rivas &#8211; eminente te\u00f3logo especializado en Sagradas Escrituras &#8211; a las 19:00 hs presidir\u00e1 la Santa Misa en la Catedral Santa Florentina y a continuaci\u00f3n disertar\u00e1 sobre \u201cLA \u00daLTIMA CENA EN LOS EVANGELIOS\u201d.<br \/>\nEs una excelente oportunidad para introducirnos en la vivencia de esta Semana Santa.<\/p>\n<p>A quienes asistan se les recomienda llevar Biblia.<\/p>\n<p>Este es el enlace del evento en facebook:\u00a0<a title=\"rivas\" href=\"https:\/\/www.facebook.com\/events\/1187430644608045\/\" target=\"_blank\">https:\/\/www.facebook.com\/events\/1187430644608045\/<\/a><\/p>\n<p>&nbsp;<\/p>\n<!-- AddThis Advanced Settings generic via filter on the_content --><!-- AddThis Share Buttons generic via filter on the_content -->","protected":false},"excerpt":{"rendered":"<p>Invitaci\u00f3n a la comunidad &#8211; \u00a0Disertaci\u00f3n sobre : &#8220;La \u00faltima Cena en los Evangelios&#8221; Mons. Luis Rivas &#8211; eminente te\u00f3logo especializado en Sagradas Escrituras &#8211; [&hellip;]<!-- AddThis Advanced Settings generic via filter on get_the_excerpt --><!-- AddThis Share Buttons generic via filter on get_the_excerpt --><\/p>\n","protected":false},"author":2,"featured_media":11412,"comment_status":"open","ping_status":"open","sticky":false,"template":"","format":"standard","meta":{"footnotes":""},"categories":[1],"tags":[],"class_list":["post-11411","post","type-post","status-publish","format-standard","has-post-thumbnail","hentry","category-noticiasdiocesanas"],"_links":{"self":[{"href":"https:\/\/obispadodezaratecampana.org\/index.php?rest_route=\/wp\/v2\/posts\/11411","targetHints":{"allow":["GET"]}}],"collection":[{"href":"https:\/\/obispadodezaratecampana.org\/index.php?rest_route=\/wp\/v2\/posts"}],"about":[{"href":"https:\/\/obispadodezaratecampana.org\/index.php?rest_route=\/wp\/v2\/types\/post"}],"author":[{"embeddable":true,"href":"https:\/\/obispadodezaratecampana.org\/index.php?rest_route=\/wp\/v2\/users\/2"}],"replies":[{"embeddable":true,"href":"https:\/\/obispadodezaratecampana.org\/index.php?rest_route=%2Fwp%2Fv2%2Fcomments&post=11411"}],"version-history":[{"count":1,"href":"https:\/\/obispadodezaratecampana.org\/index.php?rest_route=\/wp\/v2\/posts\/11411\/revisions"}],"predecessor-version":[{"id":11413,"href":"https:\/\/obispadodezaratecampana.org\/index.php?rest_route=\/wp\/v2\/posts\/11411\/revisions\/11413"}],"wp:featuredmedia":[{"embeddable":true,"href":"https:\/\/obispadodezaratecampana.org\/index.php?rest_route=\/wp\/v2\/media\/11412"}],"wp:attachment":[{"href":"https:\/\/obispadodezaratecampana.org\/index.php?rest_route=%2Fwp%2Fv2%2Fmedia&parent=11411"}],"wp:term":[{"taxonomy":"category","embeddable":true,"href":"https:\/\/obispadodezaratecampana.org\/index.php?rest_route=%2Fwp%2Fv2%2Fcategories&post=11411"},{"taxonomy":"post_tag","embeddable":true,"href":"https:\/\/obispadodezaratecampana.org\/index.php?rest_route=%2Fwp%2Fv2%2Ftags&post=11411"}],"curies":[{"name":"wp","href":"https:\/\/api.w.org\/{rel}","templated":true}]}}