{"id":11408,"date":"2016-03-14T19:12:43","date_gmt":"2016-03-14T22:12:43","guid":{"rendered":"http:\/\/obispadodezaratecampana.org\/?p=11408"},"modified":"2016-03-14T19:12:43","modified_gmt":"2016-03-14T22:12:43","slug":"173o-reunion-de-la-comision-permanente-de-la-conferencia-episcopal-argentina","status":"publish","type":"post","link":"https:\/\/obispadodezaratecampana.org\/?p=11408","title":{"rendered":"173\u00ba Reuni\u00f3n de la Comisi\u00f3n permanente de la Conferencia Episcopal Argentina"},"content":{"rendered":"<p><img fetchpriority=\"high\" decoding=\"async\" class=\" wp-image-11409 aligncenter\" src=\"http:\/\/obispadodezaratecampana.org\/wp-content\/uploads\/2016\/03\/12829290_988974817851454_8831209955402888175_o-300x198.jpg\" alt=\"12829290_988974817851454_8831209955402888175_o\" width=\"430\" height=\"238\" \/><\/p>\n<p>La Comisi\u00f3n Permanente de la Conferencia Episcopal Argentina se reune entre los d\u00edas 14 y 15 de marzo en la sede de Suipacha 1032. Con la presidencia de su titular, Mons. Jos\u00e9 Mar\u00eda Arancedo, Arzobispo de Santa Fe, las deliberaciones comenzaron el lunes a las 15.30 hs con el habitual intercambio pastoral donde los obispos presentan libremente diversos temas e inquietudes del trabajo y actividades de la Iglesia en Argentina.<br \/>\nLa jornada finalizar\u00e1 con la participaci\u00f3n de los obispos en la recepci\u00f3n ofrecida por el Nuncio Apost\u00f3lico, en la sede de la Nunciatura, con ocasi\u00f3n del tercer aniversario de la elecci\u00f3n del Papa Francisco.<br \/>\nDurante la ma\u00f1ana del martes los obispos tratar\u00e1n temas relacionados a la organizaci\u00f3n del Congreso Eucar\u00edstico Nacional que tendr\u00e1 lugar en junio en la ciudad de Tucum\u00e1n y aspectos vinculados a la organizaci\u00f3n de la representaci\u00f3n educativa religiosa. En la tarde se organizar\u00e1 el temario de la 111\u00aa Asamblea Plenaria que se desarrollar\u00e1 del 11 al 16 de abril. Tambi\u00e9n se abordar\u00e1n las reformas a los estatutos de la Obra Social San Pedro y el Fondo Solidario Previsional Fides y se destinar\u00e1 un momento para realizar votaciones de peritos e integrantes de comisiones e instituciones eclesiales.<br \/>\nLa Comisi\u00f3n Permanente est\u00e1 integrada 22 obispos: los miembros de la Comisi\u00f3n Ejecutiva de la Conferencia Episcopal, los presidentes de las Comisiones Episcopales estables y los obispos delegados de cada regi\u00f3n pastoral del pa\u00eds. Tambi\u00e9n participan como invitados el obispo presidente de Comisi\u00f3n Episcopal para C\u00e1ritas y el Nuncio Apost\u00f3lico. La Comisi\u00f3n Permanente se re\u00fane de manera ordinaria tres veces al a\u00f1o y, de acuerdo a los estatutos de la CEA, tiene como objetivo mantener \u201cuna atenci\u00f3n pastoral constante sobre la realidad argentina, tanto general como regional, procurando reconocer en ella los desaf\u00edos que presenta a la acci\u00f3n evangelizadora\u201d. En respuesta a ello \u201cpropone a la Asamblea Plenaria las grandes l\u00edneas u opciones pastorales para su oportuna consideraci\u00f3n\u201d.<br \/>\nFuente: EPISCOPADO.ORG<\/p>\n<p>&nbsp;<\/p>\n<!-- AddThis Advanced Settings generic via filter on the_content --><!-- AddThis Share Buttons generic via filter on the_content -->","protected":false},"excerpt":{"rendered":"<p>La Comisi\u00f3n Permanente de la Conferencia Episcopal Argentina se reune entre los d\u00edas 14 y 15 de marzo en la sede de Suipacha 1032. Con [&hellip;]<!-- AddThis Advanced Settings generic via filter on get_the_excerpt --><!-- AddThis Share Buttons generic via filter on get_the_excerpt --><\/p>\n","protected":false},"author":2,"featured_media":11409,"comment_status":"open","ping_status":"open","sticky":false,"template":"","format":"standard","meta":{"footnotes":""},"categories":[1],"tags":[],"class_list":["post-11408","post","type-post","status-publish","format-standard","has-post-thumbnail","hentry","category-noticiasdiocesanas"],"_links":{"self":[{"href":"https:\/\/obispadodezaratecampana.org\/index.php?rest_route=\/wp\/v2\/posts\/11408","targetHints":{"allow":["GET"]}}],"collection":[{"href":"https:\/\/obispadodezaratecampana.org\/index.php?rest_route=\/wp\/v2\/posts"}],"about":[{"href":"https:\/\/obispadodezaratecampana.org\/index.php?rest_route=\/wp\/v2\/types\/post"}],"author":[{"embeddable":true,"href":"https:\/\/obispadodezaratecampana.org\/index.php?rest_route=\/wp\/v2\/users\/2"}],"replies":[{"embeddable":true,"href":"https:\/\/obispadodezaratecampana.org\/index.php?rest_route=%2Fwp%2Fv2%2Fcomments&post=11408"}],"version-history":[{"count":1,"href":"https:\/\/obispadodezaratecampana.org\/index.php?rest_route=\/wp\/v2\/posts\/11408\/revisions"}],"predecessor-version":[{"id":11410,"href":"https:\/\/obispadodezaratecampana.org\/index.php?rest_route=\/wp\/v2\/posts\/11408\/revisions\/11410"}],"wp:featuredmedia":[{"embeddable":true,"href":"https:\/\/obispadodezaratecampana.org\/index.php?rest_route=\/wp\/v2\/media\/11409"}],"wp:attachment":[{"href":"https:\/\/obispadodezaratecampana.org\/index.php?rest_route=%2Fwp%2Fv2%2Fmedia&parent=11408"}],"wp:term":[{"taxonomy":"category","embeddable":true,"href":"https:\/\/obispadodezaratecampana.org\/index.php?rest_route=%2Fwp%2Fv2%2Fcategories&post=11408"},{"taxonomy":"post_tag","embeddable":true,"href":"https:\/\/obispadodezaratecampana.org\/index.php?rest_route=%2Fwp%2Fv2%2Ftags&post=11408"}],"curies":[{"name":"wp","href":"https:\/\/api.w.org\/{rel}","templated":true}]}}