{"id":11382,"date":"2016-03-08T23:14:55","date_gmt":"2016-03-09T02:14:55","guid":{"rendered":"http:\/\/obispadodezaratecampana.org\/?p=11382"},"modified":"2016-03-14T22:10:35","modified_gmt":"2016-03-15T01:10:35","slug":"retiro-para-secretariados-del-mjvc-en-escobar-recemos-por-ellos","status":"publish","type":"post","link":"https:\/\/obispadodezaratecampana.org\/?p=11382","title":{"rendered":"Retiro para Secretariados del MJVC en Escobar: &#8220;Recemos por ellos&#8221;"},"content":{"rendered":"<p><strong>Recemos por los Jornadistas que\u00a0compartir\u00e1n\u00a0un retiro en nuestra di\u00f3cesis, durante del fin de semana del 12 y 13 de marzo<\/strong><\/p>\n<p><em>Queridos hermanos, hoy viernes 11 a partir de las 19:30 hs hasta el domingo 13 \u00a0a las 15:00 hs en la casa de retiro San Vicente de Pa\u00fal de la ciudad de Bel\u00e9n de Escobar se estar\u00e1 realizando el retiro para secretariados del MJVC. <\/em><br \/>\n<em>Les pedimos nos acompa\u00f1en en la oraci\u00f3n para que este retiro sea inundado por el Santo Esp\u00edritu y sea de bendici\u00f3n y ayuda para todos los secretariados, para as\u00ed poder llevar adelante un a\u00f1o cargado de tareas y responsabilidades.<\/em><br \/>\n<em>Tambi\u00e9n les pedimos oraci\u00f3n por todas aquellas di\u00f3cesis que no van a poder hacerse presentes.<\/em><br \/>\n<em>&#8221; Si mir\u00e1semos cuan grande es la Misericordia de Dios, nunca dejar\u00edamos de hacer el bien mientras pudi\u00e9semos &#8220;<\/em><br \/>\n<em>Unidos en la oraci\u00f3n, un abrazo en Cristo.<\/em><br \/>\n<em>\u00a0 \u00a0 \u00a0 \u00a0 \u00a0 \u00a0 \u00a0 \u00a0 \u00a0 \u00a0 \u00a0 \u00a0 \u00a0 \u00a0 \u00a0 \u00a0 \u00a0 \u00a1\u00a1DE COLORES!!<\/em><\/p>\n<p>Fuente &#8211; \u00a0perfil de facebook MJVC:\u00a0<a title=\"MJVC\" href=\"https:\/\/www.facebook.com\/mjvc.argentina?fref=nf\" target=\"_blank\">https:\/\/www.facebook.com\/mjvc.argentina?fref=nf<\/a><\/p>\n<p style=\"text-align: center;\"><em>Reuni\u00f3n a inicios de marzo, del Secretariado Nacional, preparando el retiro<\/em><\/p>\n<p><strong><img fetchpriority=\"high\" decoding=\"async\" class=\"size-medium wp-image-11383 aligncenter\" src=\"http:\/\/obispadodezaratecampana.org\/wp-content\/uploads\/2016\/03\/12821624_620976611376369_9205497483352091160_n-300x168.jpg\" alt=\"12821624_620976611376369_9205497483352091160_n\" width=\"300\" height=\"168\" srcset=\"https:\/\/obispadodezaratecampana.org\/wp-content\/uploads\/2016\/03\/12821624_620976611376369_9205497483352091160_n-300x168.jpg 300w, https:\/\/obispadodezaratecampana.org\/wp-content\/uploads\/2016\/03\/12821624_620976611376369_9205497483352091160_n.jpg 960w\" sizes=\"(max-width: 300px) 100vw, 300px\" \/><\/strong><\/p>\n<!-- AddThis Advanced Settings generic via filter on the_content --><!-- AddThis Share Buttons generic via filter on the_content -->","protected":false},"excerpt":{"rendered":"<p>Recemos por los Jornadistas que\u00a0compartir\u00e1n\u00a0un retiro en nuestra di\u00f3cesis, durante del fin de semana del 12 y 13 de marzo Queridos hermanos, hoy viernes 11 [&hellip;]<!-- AddThis Advanced Settings generic via filter on get_the_excerpt --><!-- AddThis Share Buttons generic via filter on get_the_excerpt --><\/p>\n","protected":false},"author":2,"featured_media":11383,"comment_status":"open","ping_status":"open","sticky":false,"template":"","format":"standard","meta":{"footnotes":""},"categories":[4],"tags":[],"class_list":["post-11382","post","type-post","status-publish","format-standard","has-post-thumbnail","hentry","category-movimientosinstituciones"],"_links":{"self":[{"href":"https:\/\/obispadodezaratecampana.org\/index.php?rest_route=\/wp\/v2\/posts\/11382","targetHints":{"allow":["GET"]}}],"collection":[{"href":"https:\/\/obispadodezaratecampana.org\/index.php?rest_route=\/wp\/v2\/posts"}],"about":[{"href":"https:\/\/obispadodezaratecampana.org\/index.php?rest_route=\/wp\/v2\/types\/post"}],"author":[{"embeddable":true,"href":"https:\/\/obispadodezaratecampana.org\/index.php?rest_route=\/wp\/v2\/users\/2"}],"replies":[{"embeddable":true,"href":"https:\/\/obispadodezaratecampana.org\/index.php?rest_route=%2Fwp%2Fv2%2Fcomments&post=11382"}],"version-history":[{"count":1,"href":"https:\/\/obispadodezaratecampana.org\/index.php?rest_route=\/wp\/v2\/posts\/11382\/revisions"}],"predecessor-version":[{"id":11384,"href":"https:\/\/obispadodezaratecampana.org\/index.php?rest_route=\/wp\/v2\/posts\/11382\/revisions\/11384"}],"wp:featuredmedia":[{"embeddable":true,"href":"https:\/\/obispadodezaratecampana.org\/index.php?rest_route=\/wp\/v2\/media\/11383"}],"wp:attachment":[{"href":"https:\/\/obispadodezaratecampana.org\/index.php?rest_route=%2Fwp%2Fv2%2Fmedia&parent=11382"}],"wp:term":[{"taxonomy":"category","embeddable":true,"href":"https:\/\/obispadodezaratecampana.org\/index.php?rest_route=%2Fwp%2Fv2%2Fcategories&post=11382"},{"taxonomy":"post_tag","embeddable":true,"href":"https:\/\/obispadodezaratecampana.org\/index.php?rest_route=%2Fwp%2Fv2%2Ftags&post=11382"}],"curies":[{"name":"wp","href":"https:\/\/api.w.org\/{rel}","templated":true}]}}