{"id":11354,"date":"2016-03-08T20:40:51","date_gmt":"2016-03-08T23:40:51","guid":{"rendered":"http:\/\/obispadodezaratecampana.org\/?p=11354"},"modified":"2016-03-13T23:35:34","modified_gmt":"2016-03-14T02:35:34","slug":"sabado-12-de-marzo-15-hs-retiro-para-jovenes-en-zarate","status":"publish","type":"post","link":"https:\/\/obispadodezaratecampana.org\/?p=11354","title":{"rendered":"S\u00e1bado 12 de marzo: 15 hs retiro para J\u00f3venes en Z\u00e1rate"},"content":{"rendered":"<p><img fetchpriority=\"high\" decoding=\"async\" class=\" wp-image-11356 aligncenter\" src=\"http:\/\/obispadodezaratecampana.org\/wp-content\/uploads\/2016\/03\/12778879_1518167478490549_6199114857652965786_o-202x300.jpg\" alt=\"12778879_1518167478490549_6199114857652965786_o\" width=\"284\" height=\"422\" srcset=\"https:\/\/obispadodezaratecampana.org\/wp-content\/uploads\/2016\/03\/12778879_1518167478490549_6199114857652965786_o-202x300.jpg 202w, https:\/\/obispadodezaratecampana.org\/wp-content\/uploads\/2016\/03\/12778879_1518167478490549_6199114857652965786_o-690x1024.jpg 690w, https:\/\/obispadodezaratecampana.org\/wp-content\/uploads\/2016\/03\/12778879_1518167478490549_6199114857652965786_o.jpg 1381w\" sizes=\"(max-width: 284px) 100vw, 284px\" \/><\/p>\n<p>Fuente de la publicaci\u00f3n, perfil de facebook de la parroquia Ntra Sra del Carmen de Z\u00e1rate:<\/p>\n<p><a title=\"retiro\" href=\"https:\/\/www.facebook.com\/parroquia.zarate\/photos\/a.1495167237457240.1073741828.1494733640833933\/1518167478490549\/?type=3&amp;pnref=story\" target=\"_blank\">https:\/\/www.facebook.com\/parroquia.zarate\/photos\/a.1495167237457240.1073741828.1494733640833933\/1518167478490549\/?type=3&amp;pnref=story<\/a><\/p>\n<!-- AddThis Advanced Settings generic via filter on the_content --><!-- AddThis Share Buttons generic via filter on the_content -->","protected":false},"excerpt":{"rendered":"<p>Fuente de la publicaci\u00f3n, perfil de facebook de la parroquia Ntra Sra del Carmen de Z\u00e1rate: https:\/\/www.facebook.com\/parroquia.zarate\/photos\/a.1495167237457240.1073741828.1494733640833933\/1518167478490549\/?type=3&amp;pnref=story<!-- AddThis Advanced Settings generic via filter on get_the_excerpt --><!-- AddThis Share Buttons generic via filter on get_the_excerpt --><\/p>\n","protected":false},"author":2,"featured_media":11355,"comment_status":"open","ping_status":"open","sticky":false,"template":"","format":"standard","meta":{"footnotes":""},"categories":[3],"tags":[],"class_list":["post-11354","post","type-post","status-publish","format-standard","has-post-thumbnail","hentry","category-noticiasparroquiales"],"_links":{"self":[{"href":"https:\/\/obispadodezaratecampana.org\/index.php?rest_route=\/wp\/v2\/posts\/11354","targetHints":{"allow":["GET"]}}],"collection":[{"href":"https:\/\/obispadodezaratecampana.org\/index.php?rest_route=\/wp\/v2\/posts"}],"about":[{"href":"https:\/\/obispadodezaratecampana.org\/index.php?rest_route=\/wp\/v2\/types\/post"}],"author":[{"embeddable":true,"href":"https:\/\/obispadodezaratecampana.org\/index.php?rest_route=\/wp\/v2\/users\/2"}],"replies":[{"embeddable":true,"href":"https:\/\/obispadodezaratecampana.org\/index.php?rest_route=%2Fwp%2Fv2%2Fcomments&post=11354"}],"version-history":[{"count":1,"href":"https:\/\/obispadodezaratecampana.org\/index.php?rest_route=\/wp\/v2\/posts\/11354\/revisions"}],"predecessor-version":[{"id":11357,"href":"https:\/\/obispadodezaratecampana.org\/index.php?rest_route=\/wp\/v2\/posts\/11354\/revisions\/11357"}],"wp:featuredmedia":[{"embeddable":true,"href":"https:\/\/obispadodezaratecampana.org\/index.php?rest_route=\/wp\/v2\/media\/11355"}],"wp:attachment":[{"href":"https:\/\/obispadodezaratecampana.org\/index.php?rest_route=%2Fwp%2Fv2%2Fmedia&parent=11354"}],"wp:term":[{"taxonomy":"category","embeddable":true,"href":"https:\/\/obispadodezaratecampana.org\/index.php?rest_route=%2Fwp%2Fv2%2Fcategories&post=11354"},{"taxonomy":"post_tag","embeddable":true,"href":"https:\/\/obispadodezaratecampana.org\/index.php?rest_route=%2Fwp%2Fv2%2Ftags&post=11354"}],"curies":[{"name":"wp","href":"https:\/\/api.w.org\/{rel}","templated":true}]}}