{"id":11351,"date":"2016-03-11T14:00:36","date_gmt":"2016-03-11T17:00:36","guid":{"rendered":"http:\/\/obispadodezaratecampana.org\/?p=11351"},"modified":"2016-03-11T00:29:47","modified_gmt":"2016-03-11T03:29:47","slug":"la-iglesia-contara-con-cinco-nuevos-santos-uno-es-argentino","status":"publish","type":"post","link":"https:\/\/obispadodezaratecampana.org\/?p=11351","title":{"rendered":"La Iglesia contar\u00e1 con cinco nuevos Santos: uno es Argentino"},"content":{"rendered":"<p><strong>La Iglesia contar\u00e1 con cinco nuevos santos &#8211;\u00a0La pr\u00f3xima semana se definir\u00e1 la fecha de su canonizaci\u00f3n<\/strong><\/p>\n<p>Por: Catholic.net | Fuente: Catholic.net<\/p>\n<p><img fetchpriority=\"high\" decoding=\"async\" class=\" wp-image-11352 aligncenter\" src=\"http:\/\/obispadodezaratecampana.org\/wp-content\/uploads\/2016\/03\/santos1-300x145.jpg\" alt=\"santos\" width=\"391\" height=\"189\" srcset=\"https:\/\/obispadodezaratecampana.org\/wp-content\/uploads\/2016\/03\/santos1-300x145.jpg 300w, https:\/\/obispadodezaratecampana.org\/wp-content\/uploads\/2016\/03\/santos1.jpg 620w\" sizes=\"(max-width: 391px) 100vw, 391px\" \/><\/p>\n<p>El Vaticano inform\u00f3 que el d\u00eda martes 15 de marzo de 2016 a las 10: 00 hs, (hora de la Santa Sede), el Santo Padre Francisco presidir\u00e1 el Consistorio, (reuni\u00f3n del colegio cardenalicio), para la canonizaci\u00f3n de cinco beatos: Madre Teresa de Calcuta, Jos\u00e9 Gabriel Brochero, Jos\u00e9 S\u00e1nchez del R\u00edo, Estanislao de Jes\u00fas Mar\u00eda y Mar\u00eda Isabel Hesselblad.<\/p>\n<p>La Madre Teresa, albanesa de nacimiento pero calcutense de coraz\u00f3n, fue la fundadora de las Congregaciones de Misioneros y Misioneras de la Caridad, cuyo carisma es el servir a Cristo en los m\u00e1s pobres de entre los pobres. En diciembre del a\u00f1o 2015 el Vaticano anunci\u00f3 la aprobaci\u00f3n del milagro que permite su canonizaci\u00f3n, la curaci\u00f3n inexplicable de un hombre con 8 abscesos cerebrales adem\u00e1s de hipertensi\u00f3n endocraneal.<\/p>\n<p>Jos\u00e9 Gabriel &#8220;el cura&#8221; Brochero, sacerdote diocesano argentino que llev\u00f3 el Evangelio a la gente que viv\u00eda en el extenso territorio de las Sierras Grandes, construy\u00f3 caminos, templos y fund\u00f3 pueblos; el pasado 21 de enero de 2016, el Santo Padre Francisco autoriz\u00f3 la promulgaci\u00f3n del decreto que reconoce como milagro la curaci\u00f3n de una ni\u00f1a sanjuanina, quien hab\u00eda sido salvajemente golpeada y estuvo al borde de la muerte por dos meses.<\/p>\n<p>Jos\u00e9 S\u00e1nchez del R\u00edo, ni\u00f1o cristero mexicano, m\u00e1rtir beatificado el 20 de noviembre de 2005, quien estaba por cumplir los quince a\u00f1os de edad cuando fue apu\u00f1alado por su amor a Cristo; el milagro que lo lleva a la gloria de los altares es la curaci\u00f3n de la ni\u00f1a Ximena Guadalupe, quien fue desahuciada luego de que fuera detectado un 90% de muerte cerebral, su inexplicable curaci\u00f3n fue reconocida oficialmente como milagro el 21 de enero de 2016.<\/p>\n<p>El sacerdote polaco Estanislao de Jes\u00fas Mar\u00eda, fundador de los Cl\u00e9rigos Marianos de la Inmaculada Concepci\u00f3n de la Bienaventurada Virgen Mar\u00eda, primera congregaci\u00f3n masculina polaca. El milagro reconocido para su futura canonizaci\u00f3n fue la curaci\u00f3n de una joven polaca de 20 a\u00f1os a quien los m\u00e9dicos indicaron que sus pulmones estaban destruidos y que su muerte era inminente.<\/p>\n<p>Este grupo ejemplar es completado con Mar\u00eda Isabel Hesselblad, oriunda de Suecia, luterana de nacimiento conversa al catolicismo en 1902, fue quien restaur\u00f3 la Orden de Santa Br\u00edgida y es a quien los jud\u00edos consideran \u201cJusta entre las Naciones\u201d por haber salvado a muchos perseguidos durante la Segunda Guerra Mundial.<\/p>\n<p>&nbsp;<\/p>\n<p>&nbsp;<\/p>\n<p>&nbsp;<\/p>\n<!-- AddThis Advanced Settings generic via filter on the_content --><!-- AddThis Share Buttons generic via filter on the_content -->","protected":false},"excerpt":{"rendered":"<p>La Iglesia contar\u00e1 con cinco nuevos santos &#8211;\u00a0La pr\u00f3xima semana se definir\u00e1 la fecha de su canonizaci\u00f3n Por: Catholic.net | Fuente: Catholic.net El Vaticano inform\u00f3 [&hellip;]<!-- AddThis Advanced Settings generic via filter on get_the_excerpt --><!-- AddThis Share Buttons generic via filter on get_the_excerpt --><\/p>\n","protected":false},"author":2,"featured_media":11352,"comment_status":"open","ping_status":"open","sticky":false,"template":"","format":"standard","meta":{"footnotes":""},"categories":[166],"tags":[],"class_list":["post-11351","post","type-post","status-publish","format-standard","has-post-thumbnail","hentry","category-santoral"],"_links":{"self":[{"href":"https:\/\/obispadodezaratecampana.org\/index.php?rest_route=\/wp\/v2\/posts\/11351","targetHints":{"allow":["GET"]}}],"collection":[{"href":"https:\/\/obispadodezaratecampana.org\/index.php?rest_route=\/wp\/v2\/posts"}],"about":[{"href":"https:\/\/obispadodezaratecampana.org\/index.php?rest_route=\/wp\/v2\/types\/post"}],"author":[{"embeddable":true,"href":"https:\/\/obispadodezaratecampana.org\/index.php?rest_route=\/wp\/v2\/users\/2"}],"replies":[{"embeddable":true,"href":"https:\/\/obispadodezaratecampana.org\/index.php?rest_route=%2Fwp%2Fv2%2Fcomments&post=11351"}],"version-history":[{"count":1,"href":"https:\/\/obispadodezaratecampana.org\/index.php?rest_route=\/wp\/v2\/posts\/11351\/revisions"}],"predecessor-version":[{"id":11353,"href":"https:\/\/obispadodezaratecampana.org\/index.php?rest_route=\/wp\/v2\/posts\/11351\/revisions\/11353"}],"wp:featuredmedia":[{"embeddable":true,"href":"https:\/\/obispadodezaratecampana.org\/index.php?rest_route=\/wp\/v2\/media\/11352"}],"wp:attachment":[{"href":"https:\/\/obispadodezaratecampana.org\/index.php?rest_route=%2Fwp%2Fv2%2Fmedia&parent=11351"}],"wp:term":[{"taxonomy":"category","embeddable":true,"href":"https:\/\/obispadodezaratecampana.org\/index.php?rest_route=%2Fwp%2Fv2%2Fcategories&post=11351"},{"taxonomy":"post_tag","embeddable":true,"href":"https:\/\/obispadodezaratecampana.org\/index.php?rest_route=%2Fwp%2Fv2%2Ftags&post=11351"}],"curies":[{"name":"wp","href":"https:\/\/api.w.org\/{rel}","templated":true}]}}