{"id":11313,"date":"2016-03-10T22:20:25","date_gmt":"2016-03-11T01:20:25","guid":{"rendered":"http:\/\/obispadodezaratecampana.org\/?p=11313"},"modified":"2016-03-10T22:30:24","modified_gmt":"2016-03-11T01:30:24","slug":"oracion-de-cada-dia-preparandonos-para-la-fiesta-de-san-jose-19-de-marzo","status":"publish","type":"post","link":"https:\/\/obispadodezaratecampana.org\/?p=11313","title":{"rendered":"Oraci\u00f3n de cada d\u00eda &#8211; Prepar\u00e1ndonos para la Fiesta de San Jose :: 19 de marzo"},"content":{"rendered":"<p>REDACCI\u00d3N CENTRAL, 10 Mar. 16 \/ 12:04 am (ACI).- El pr\u00f3ximo 19 de marzo se celebrar\u00e1 la Fiesta en honor a San Jos\u00e9, esposo de la Virgen Mar\u00eda, padre adoptivo de Jes\u00fas y Patrono de la Iglesia universal. \u00a0(&#8230;)<\/p>\n<p>\u201cEn los Evangelios, San Jos\u00e9 aparece como un hombre fuerte y valiente, trabajador, pero en su alma se percibe una gran ternura, que no es la virtud de los d\u00e9biles, sino m\u00e1s bien todo lo contrario\u201d, dijo el Papa Francisco sobre San Jos\u00e9 al comenzar su pontificado en el 2013.<\/p>\n<p>\u201cDenota fortaleza de \u00e1nimo y capacidad de atenci\u00f3n, de compasi\u00f3n, de verdadera apertura al otro, de amor. No debemos tener miedo de la bondad, de la ternura\u201d, resalt\u00f3.<\/p>\n<p>(&#8230;)<\/p>\n<p>&nbsp;<\/p>\n<p>&nbsp;<\/p>\n<p><img fetchpriority=\"high\" decoding=\"async\" class=\" wp-image-11317 aligncenter\" src=\"http:\/\/obispadodezaratecampana.org\/wp-content\/uploads\/2016\/03\/sanjose-300x157.jpg\" alt=\"sanjose\" width=\"468\" height=\"245\" srcset=\"https:\/\/obispadodezaratecampana.org\/wp-content\/uploads\/2016\/03\/sanjose-300x157.jpg 300w, https:\/\/obispadodezaratecampana.org\/wp-content\/uploads\/2016\/03\/sanjose.jpg 900w\" sizes=\"(max-width: 468px) 100vw, 468px\" \/><\/p>\n<div id=\"content\" style=\"color: #000000;\">\n<div class=\"story_body nomarginleft\">\n<p><b>D\u00eda primero<\/b><\/p>\n<p>Oh benign\u00edsimo Jes\u00fas as\u00ed como consolaste a tu padre amado en las perplejidades e incertidumbres que tuvo, dudando si abandonar a tu Sant\u00edsima Madre su esposa, as\u00ed te suplicamos humildemente por intercesi\u00f3n de San Jos\u00e9 nos concedas mucha prudencia y acierto en todos los casos dudosos y angustias de nuestra vida, para que siempre acertemos con tu sant\u00edsima voluntad.<\/p>\n<hr size=\"1\" width=\"90%\" \/>\n<p><b>D\u00eda segundo<\/b><\/p>\n<p>Oh benign\u00edsimo Jes\u00fas, as\u00ed como consolaste a tu padre amado en la pobreza y desamparo de Bel\u00e9n, con tu nacimiento, y con los c\u00e1nticos de los Angeles y visitas de los pastores, as\u00ed tambi\u00e9n te suplicamos humildemente por intercesi\u00f3n de San Jos\u00e9, que nos concedas llevar con paciencia nuestra pobreza y desamparo en esta vida, y que alegres nuestro esp\u00edritu con tu presencia y tu gracia, y la esperanza de la gloria.<b><a id=\"nsj2\" style=\"color: #006699;\" name=\"nsj2\"><\/a><\/b><\/p>\n<hr size=\"1\" width=\"90%\" \/>\n<p class=\"recurso_subtitulo1\" style=\"font-style: italic;\"><b>D\u00eda tercero<\/b><\/p>\n<p>Oh benign\u00edsimo Jes\u00fas, as\u00ed como consolaste a tu amado padre en el doloroso misterio de la Circuncisi\u00f3n, recibiendo de \u00e9l el dulce nombre de Jes\u00fas, as\u00ed te suplicamos humildemente, por intercesi\u00f3n de San Jos\u00e9, nos concedas pronunciar siempre con amor y respeto tu sant\u00edsimo nombre, llevarlo en el coraz\u00f3n, honrarlo en la vida, y profesar con obras y palabras que t\u00fa fuiste nuestro Salvador y Jes\u00fas.<\/p>\n<hr size=\"1\" width=\"90%\" \/>\n<p class=\"recurso_subtitulo1\" style=\"font-style: italic;\"><b>D\u00eda cuarto<\/b><\/p>\n<p>Oh benign\u00edsimo Jes\u00fas, as\u00ed como consolaste a tu padre amado de la pena que le caus\u00f3 la profec\u00eda de Sime\u00f3n, mostr\u00e1ndole el innumerable coro de los Santos, as\u00ed te suplicamos humildemente, por intercesi\u00f3n de San Jos\u00e9 que nos concedas la gracia de ser de aquellos para quienes tu sirves, no de ruina, sino de resurrecci\u00f3n, y que correspondamos fielmente a tu gracia para que vayamos a tu gloria.<\/p>\n<hr size=\"1\" width=\"90%\" \/>\n<p class=\"recurso_subtitulo1\" style=\"font-style: italic;\"><b>\u00a0<\/b><\/p>\n<p class=\"recurso_subtitulo1\" style=\"font-style: italic;\"><b>D\u00eda quinto<\/b><\/p>\n<p>Oh benign\u00edsimo Jes\u00fas, as\u00ed como tu amado padre te condujo de Bel\u00e9n a Egipto para librarte del tirano Herodes, as\u00ed te suplicamos humildemente, por intercesi\u00f3n de San Jos\u00e9, que nos libres de los que quieren da\u00f1ar nuestras almas o nuestros cuerpos, nos des fortaleza y salvaci\u00f3n en nuestras persecuciones, y en medio del destierro de esta vida nos protejas hasta que volemos a la patria.<\/p>\n<hr size=\"1\" width=\"90%\" \/>\n<p class=\"recurso_subtitulo1\" style=\"font-style: italic;\"><b>D\u00eda sexto<\/b><\/p>\n<p>Oh benign\u00edsimo Jes\u00fas as\u00ed como tu padre amado te sustent\u00f3 en Nazaret, y en cambio t\u00fa le premiaste en tu sant\u00edsima compa\u00f1\u00eda tantos a\u00f1os, con tu doctrina y tu dulce conversaci\u00f3n, as\u00ed te rogamos humildemente, por intercesi\u00f3n de San Jos\u00e9 nos concedas el sustento espiritual de tu gracia, y de tu santa comuni\u00f3n, y que vivamos santa y modestamente, como t\u00fa en Nazaret.<\/p>\n<hr size=\"1\" width=\"90%\" \/>\n<p class=\"recurso_subtitulo1\" style=\"font-style: italic;\"><b>D\u00eda s\u00e9ptimo<\/b><\/p>\n<p>Oh benign\u00edsimo Jes\u00fas, as\u00ed como por seguir la voluntad de tu padre celestial permitiste que tu amado padre en la tierra padeciese el. vehement\u00edsimo dolor de perderte para tres d\u00edas, as\u00ed te suplicamos humildemente, por intercesi\u00f3n de San Jos\u00e9, que antes queramos perder todas las cosas y disgustar a cualquier amigo, que dejar de hacer tu voluntad; que jam\u00e1s te perdamos a ti por el pecado mortal, o que si por desgracia te perdi\u00e9semos te hallemos mediante una buena confesi\u00f3n.<\/p>\n<hr size=\"1\" width=\"90%\" \/>\n<p class=\"recurso_subtitulo1\" style=\"font-style: italic;\"><b>\u00a0<\/b><\/p>\n<p class=\"recurso_subtitulo1\" style=\"font-style: italic;\"><b>D\u00eda octavo<\/b><\/p>\n<p>Oh benign\u00edsimo Jes\u00fas, que en la hora de su muerte consolaste a tu glorioso padre, asistiendo juntamente con tu Madre su esposa a su \u00faltima agon\u00eda, te suplicamos humildemente, por intercesi\u00f3n de San Jos\u00e9, que nos concedas una muerte semejante a la suya asistido de tu bondad, de tu Sant\u00edsima Madre y del mismo glorioso Patriarca protector de los moribundos, pronunciando al morir vuestros sant\u00edsimos nombres, Jes\u00fas, Mar\u00eda y Jos\u00e9.<\/p>\n<hr size=\"1\" width=\"90%\" \/>\n<p><b>\u00a0<\/b><\/p>\n<p><b>D\u00eda noveno<\/b><\/p>\n<p>Oh benign\u00edsimo Jes\u00fas, as\u00ed como has elegido por medio de tu Vicario en la tierra a tu amado padre para protector de tu Santa Iglesia Cat\u00f3lica, as\u00ed te suplicamos humildemente por intercesi\u00f3n de San Jos\u00e9, nos concedas el que seamos verdaderos y sinceros cat\u00f3licos, que profesemos sin error la fe cat\u00f3lica, que vivamos sin miedo una vida digna de la fe que profesamos, y que jam\u00e1s puedan los enemigos ni aterrarnos con persecuciones, ni con enga\u00f1os seducirnos y apartamos de la \u00fanica y verdadera religi\u00f3n que es la Cat\u00f3lica.<\/p>\n<\/div>\n<\/div>\n<div class=\"overflow-hidden pad-b-10 clear post_content\" style=\"color: #000000;\">\n<div>\n<div class=\"fb-page fb_iframe_widget\" data-adapt-container-width=\"true\" data-hide-cover=\"false\" data-href=\"https:\/\/www.facebook.com\/aciprensa\" data-show-facepile=\"false\" data-show-posts=\"false\" data-small-header=\"false\" data-width=\"500\">Fuente : ACI PRENSA<\/div>\n<\/div>\n<\/div>\n<!-- AddThis Advanced Settings generic via filter on the_content --><!-- AddThis Share Buttons generic via filter on the_content -->","protected":false},"excerpt":{"rendered":"<p>REDACCI\u00d3N CENTRAL, 10 Mar. 16 \/ 12:04 am (ACI).- El pr\u00f3ximo 19 de marzo se celebrar\u00e1 la Fiesta en honor a San Jos\u00e9, esposo de [&hellip;]<!-- AddThis Advanced Settings generic via filter on get_the_excerpt --><!-- AddThis Share Buttons generic via filter on get_the_excerpt --><\/p>\n","protected":false},"author":2,"featured_media":11317,"comment_status":"open","ping_status":"open","sticky":false,"template":"","format":"standard","meta":{"footnotes":""},"categories":[166],"tags":[],"class_list":["post-11313","post","type-post","status-publish","format-standard","has-post-thumbnail","hentry","category-santoral"],"_links":{"self":[{"href":"https:\/\/obispadodezaratecampana.org\/index.php?rest_route=\/wp\/v2\/posts\/11313","targetHints":{"allow":["GET"]}}],"collection":[{"href":"https:\/\/obispadodezaratecampana.org\/index.php?rest_route=\/wp\/v2\/posts"}],"about":[{"href":"https:\/\/obispadodezaratecampana.org\/index.php?rest_route=\/wp\/v2\/types\/post"}],"author":[{"embeddable":true,"href":"https:\/\/obispadodezaratecampana.org\/index.php?rest_route=\/wp\/v2\/users\/2"}],"replies":[{"embeddable":true,"href":"https:\/\/obispadodezaratecampana.org\/index.php?rest_route=%2Fwp%2Fv2%2Fcomments&post=11313"}],"version-history":[{"count":3,"href":"https:\/\/obispadodezaratecampana.org\/index.php?rest_route=\/wp\/v2\/posts\/11313\/revisions"}],"predecessor-version":[{"id":11323,"href":"https:\/\/obispadodezaratecampana.org\/index.php?rest_route=\/wp\/v2\/posts\/11313\/revisions\/11323"}],"wp:featuredmedia":[{"embeddable":true,"href":"https:\/\/obispadodezaratecampana.org\/index.php?rest_route=\/wp\/v2\/media\/11317"}],"wp:attachment":[{"href":"https:\/\/obispadodezaratecampana.org\/index.php?rest_route=%2Fwp%2Fv2%2Fmedia&parent=11313"}],"wp:term":[{"taxonomy":"category","embeddable":true,"href":"https:\/\/obispadodezaratecampana.org\/index.php?rest_route=%2Fwp%2Fv2%2Fcategories&post=11313"},{"taxonomy":"post_tag","embeddable":true,"href":"https:\/\/obispadodezaratecampana.org\/index.php?rest_route=%2Fwp%2Fv2%2Ftags&post=11313"}],"curies":[{"name":"wp","href":"https:\/\/api.w.org\/{rel}","templated":true}]}}