{"id":11298,"date":"2016-03-03T21:32:36","date_gmt":"2016-03-04T00:32:36","guid":{"rendered":"http:\/\/obispadodezaratecampana.org\/?p=11298"},"modified":"2016-03-03T21:32:36","modified_gmt":"2016-03-04T00:32:36","slug":"indulgencia-plenaria-en-el-ano-de-la-misericordia-exaltacion-de-la-cruz","status":"publish","type":"post","link":"https:\/\/obispadodezaratecampana.org\/?p=11298","title":{"rendered":"Indulgencia Plenaria, en el A\u00f1o de la Misericordia &#8211; Exaltaci\u00f3n de la Cruz-"},"content":{"rendered":"<p>Compartimos esta Buena Noticia de la Comunidad de la Parroquia de Exaltaci\u00f3n de la Cruz:<\/p>\n<p>MUY QUERIDOS FIELES DE LA PARROQUIA DE LA EXALTACI\u00d3N DE LA CRUZ : Con gran alegr\u00eda y j\u00fabilo les comunico lo resuelto por Nuestro Padre y Pastor Monse\u00f1or Pedro Mar\u00eda Laxague.<br \/>\nLes pido, con humildad y disponibilidad, ponernos todos al servicio de las comunidades peregrinas que decidan visitar nuestra parroquia.<br \/>\nLes he pedido a los Ministros Extraordinarios de la Comuni\u00f3n, que se pongan disponibles a la atenci\u00f3n de los hermanos que vengan a buscar la Indulgencia.<br \/>\nPor este medio quisiera invitar a mis hermanos sacerdotes que deseen venir con su comunidad; pedir turnos por secretaria Parroquial para que puedan celebrar la Sagrada Eucarist\u00eda en nuestro altar.<br \/>\nLa Iglesia Parroquial quedar\u00e1 abierta desde las 8hs hasta las 12:30hs y desde las 15hs hasta las 21hs.<br \/>\nLa Misa central en horario de verano es a las 20hs y en horario de invierno 19hs.<br \/>\nDios bendiga el gran servicio a nuestros hermanos Peregrinos, mis cordiales saludos a todos.<br \/>\nPadre Pablo Iriarte, p\u00e1rroco.<\/p>\n<p>D\u00edas y horarios de Secretar\u00eda Parroquial:<\/p>\n<p>*Lunes, mi\u00e9rcoles y viernes de 9:30 a 11:30hs.<br \/>\n*Jueves y viernes de 16 a 19hs.<br \/>\nNro de Tel 02323 491656.<\/p>\n<p>Fuente: Perfil de facebook de la parroquia:\u00a0<a title=\"cruz\" href=\"https:\/\/www.facebook.com\/Parroquia-Exaltaci%C3%B3n-de-la-Cruz-867443119997859\/?fref=ts\" target=\"_blank\">https:\/\/www.facebook.com\/Parroquia-Exaltaci%C3%B3n-de-la-Cruz-867443119997859\/?fref=ts<\/a><\/p>\n<p><img fetchpriority=\"high\" decoding=\"async\" class=\" wp-image-11304 aligncenter\" src=\"http:\/\/obispadodezaratecampana.org\/wp-content\/uploads\/2016\/03\/12819388_1000627793346057_8362600819987041198_o-133x300.jpg\" alt=\"12819388_1000627793346057_8362600819987041198_o\" width=\"189\" height=\"383\" \/><\/p>\n<p>&nbsp;<\/p>\n<p><img decoding=\"async\" class=\" wp-image-11299 aligncenter\" src=\"http:\/\/obispadodezaratecampana.org\/wp-content\/uploads\/2016\/03\/12778896_1000627420012761_8971932072935452675_o-211x300.jpg\" alt=\"12778896_1000627420012761_8971932072935452675_o\" width=\"315\" height=\"448\" \/><\/p>\n<p><img decoding=\"async\" class=\" wp-image-11301 aligncenter\" src=\"http:\/\/obispadodezaratecampana.org\/wp-content\/uploads\/2016\/03\/12794822_1000627736679396_252584822976823956_o-300x182.jpg\" alt=\"12794822_1000627736679396_252584822976823956_o\" width=\"395\" height=\"214\" \/><\/p>\n<p>&nbsp;<\/p>\n<!-- AddThis Advanced Settings generic via filter on the_content --><!-- AddThis Share Buttons generic via filter on the_content -->","protected":false},"excerpt":{"rendered":"<p>Compartimos esta Buena Noticia de la Comunidad de la Parroquia de Exaltaci\u00f3n de la Cruz: MUY QUERIDOS FIELES DE LA PARROQUIA DE LA EXALTACI\u00d3N DE [&hellip;]<!-- AddThis Advanced Settings generic via filter on get_the_excerpt --><!-- AddThis Share Buttons generic via filter on get_the_excerpt --><\/p>\n","protected":false},"author":2,"featured_media":11301,"comment_status":"open","ping_status":"open","sticky":false,"template":"","format":"standard","meta":{"footnotes":""},"categories":[3],"tags":[],"class_list":["post-11298","post","type-post","status-publish","format-standard","has-post-thumbnail","hentry","category-noticiasparroquiales"],"_links":{"self":[{"href":"https:\/\/obispadodezaratecampana.org\/index.php?rest_route=\/wp\/v2\/posts\/11298","targetHints":{"allow":["GET"]}}],"collection":[{"href":"https:\/\/obispadodezaratecampana.org\/index.php?rest_route=\/wp\/v2\/posts"}],"about":[{"href":"https:\/\/obispadodezaratecampana.org\/index.php?rest_route=\/wp\/v2\/types\/post"}],"author":[{"embeddable":true,"href":"https:\/\/obispadodezaratecampana.org\/index.php?rest_route=\/wp\/v2\/users\/2"}],"replies":[{"embeddable":true,"href":"https:\/\/obispadodezaratecampana.org\/index.php?rest_route=%2Fwp%2Fv2%2Fcomments&post=11298"}],"version-history":[{"count":1,"href":"https:\/\/obispadodezaratecampana.org\/index.php?rest_route=\/wp\/v2\/posts\/11298\/revisions"}],"predecessor-version":[{"id":11305,"href":"https:\/\/obispadodezaratecampana.org\/index.php?rest_route=\/wp\/v2\/posts\/11298\/revisions\/11305"}],"wp:featuredmedia":[{"embeddable":true,"href":"https:\/\/obispadodezaratecampana.org\/index.php?rest_route=\/wp\/v2\/media\/11301"}],"wp:attachment":[{"href":"https:\/\/obispadodezaratecampana.org\/index.php?rest_route=%2Fwp%2Fv2%2Fmedia&parent=11298"}],"wp:term":[{"taxonomy":"category","embeddable":true,"href":"https:\/\/obispadodezaratecampana.org\/index.php?rest_route=%2Fwp%2Fv2%2Fcategories&post=11298"},{"taxonomy":"post_tag","embeddable":true,"href":"https:\/\/obispadodezaratecampana.org\/index.php?rest_route=%2Fwp%2Fv2%2Ftags&post=11298"}],"curies":[{"name":"wp","href":"https:\/\/api.w.org\/{rel}","templated":true}]}}