{"id":11277,"date":"2016-03-02T22:57:51","date_gmt":"2016-03-03T01:57:51","guid":{"rendered":"http:\/\/obispadodezaratecampana.org\/?p=11277"},"modified":"2016-03-02T22:57:51","modified_gmt":"2016-03-03T01:57:51","slug":"capilla-ntra-sra-del-rosario-de-garin-pedido-de-ayuda","status":"publish","type":"post","link":"https:\/\/obispadodezaratecampana.org\/?p=11277","title":{"rendered":"&#8211; Capilla Ntra Sra del Rosario de Gar\u00edn: Pedido de ayuda &#8211;"},"content":{"rendered":"<p>Queridos lectores, les compartimos esta actualizaci\u00f3n de estado del perfil de facebook de la Capilla Ntra Sra del Rosario de Gar\u00edn, donde solicitan ayuda para el primer s\u00e1bado de marzo:<\/p>\n<p><em>ATENCI\u00d3N QUERIDA COMUNIDAD&#8230; NECESITAMOS DE SU AYUDA URGENTE!!!!<\/em><br \/>\n<em>Este s\u00e1bado 05\/03\/16 a las 08.00hs en la Capilla ( 20 de noviembre y La Paz,B\u00b0 Pte. Per\u00f3n, Garin) necesitamos de su mano de obra, Necesitamos realizar el contrapiso.<\/em><br \/>\n<em>Los materiales ya est\u00e1n, solo necesitamos manos trabajadoras que venga a ayudarnos para poder tener un lugar m\u00e1s c\u00f3modo y celebrar la Santa Misa y el resto de los Sacramentos.<\/em><br \/>\n<em>Desde ya muchas gracias y los esperamos a las 08.00hs.<\/em><br \/>\n<em>Mientras mas seamos mas rapido se realizar\u00e1. Muchas Gracias&#8230;<\/em><\/p>\n<p>Fuente:\u00a0<a title=\"rosario\" href=\"https:\/\/www.facebook.com\/virgendelrosario.capilla.7?fref=photo\" target=\"_blank\">https:\/\/www.facebook.com\/virgendelrosario.capilla.7?fref=photo<\/a><\/p>\n<!-- AddThis Advanced Settings generic via filter on the_content --><!-- AddThis Share Buttons generic via filter on the_content -->","protected":false},"excerpt":{"rendered":"<p>Queridos lectores, les compartimos esta actualizaci\u00f3n de estado del perfil de facebook de la Capilla Ntra Sra del Rosario de Gar\u00edn, donde solicitan ayuda para [&hellip;]<!-- AddThis Advanced Settings generic via filter on get_the_excerpt --><!-- AddThis Share Buttons generic via filter on get_the_excerpt --><\/p>\n","protected":false},"author":2,"featured_media":11278,"comment_status":"open","ping_status":"open","sticky":false,"template":"","format":"standard","meta":{"footnotes":""},"categories":[3],"tags":[],"class_list":["post-11277","post","type-post","status-publish","format-standard","has-post-thumbnail","hentry","category-noticiasparroquiales"],"_links":{"self":[{"href":"https:\/\/obispadodezaratecampana.org\/index.php?rest_route=\/wp\/v2\/posts\/11277","targetHints":{"allow":["GET"]}}],"collection":[{"href":"https:\/\/obispadodezaratecampana.org\/index.php?rest_route=\/wp\/v2\/posts"}],"about":[{"href":"https:\/\/obispadodezaratecampana.org\/index.php?rest_route=\/wp\/v2\/types\/post"}],"author":[{"embeddable":true,"href":"https:\/\/obispadodezaratecampana.org\/index.php?rest_route=\/wp\/v2\/users\/2"}],"replies":[{"embeddable":true,"href":"https:\/\/obispadodezaratecampana.org\/index.php?rest_route=%2Fwp%2Fv2%2Fcomments&post=11277"}],"version-history":[{"count":1,"href":"https:\/\/obispadodezaratecampana.org\/index.php?rest_route=\/wp\/v2\/posts\/11277\/revisions"}],"predecessor-version":[{"id":11279,"href":"https:\/\/obispadodezaratecampana.org\/index.php?rest_route=\/wp\/v2\/posts\/11277\/revisions\/11279"}],"wp:featuredmedia":[{"embeddable":true,"href":"https:\/\/obispadodezaratecampana.org\/index.php?rest_route=\/wp\/v2\/media\/11278"}],"wp:attachment":[{"href":"https:\/\/obispadodezaratecampana.org\/index.php?rest_route=%2Fwp%2Fv2%2Fmedia&parent=11277"}],"wp:term":[{"taxonomy":"category","embeddable":true,"href":"https:\/\/obispadodezaratecampana.org\/index.php?rest_route=%2Fwp%2Fv2%2Fcategories&post=11277"},{"taxonomy":"post_tag","embeddable":true,"href":"https:\/\/obispadodezaratecampana.org\/index.php?rest_route=%2Fwp%2Fv2%2Ftags&post=11277"}],"curies":[{"name":"wp","href":"https:\/\/api.w.org\/{rel}","templated":true}]}}