{"id":11268,"date":"2016-03-02T16:35:06","date_gmt":"2016-03-02T19:35:06","guid":{"rendered":"http:\/\/obispadodezaratecampana.org\/?p=11268"},"modified":"2016-03-02T16:35:06","modified_gmt":"2016-03-02T19:35:06","slug":"martes-15-de-marzo-misa-por-los-enfermos","status":"publish","type":"post","link":"https:\/\/obispadodezaratecampana.org\/?p=11268","title":{"rendered":"Martes 15 de marzo: Misa por los enfermos"},"content":{"rendered":"<p style=\"text-align: center;\"><strong>\u201cEn aquel tiempo, dijo Jes\u00fas a los fariseos: Yo me voy y ustedes me buscaran\u201d. Jn 8, 21 \u2013 30<\/strong><\/p>\n<p>Los padres Rogacionistas y la Renovaci\u00f3n Carism\u00e1tica Cat\u00f3lica invitan a la misa de Oraci\u00f3n por los Enfermos que se realizar\u00e1 el pr\u00f3ximo 15 de marzo en la Parroquia Ntra Sra del Carmen, de Campana.<\/p>\n<p>La misma ser\u00e1 celebrada por Padre Rufino Gim\u00e9nez Fines. \u00a0A las 18:30 hs comienzan las alabanzas.<\/p>\n<p>Direcci\u00f3n de la Parroquia:\u00a0\u00a0Pueyrred\u00f3n y Balb\u00edn.<\/p>\n<p>Tel\u00e9fono: \u00a003489- 423574<\/p>\n<p>A los asistentes se les pide traer un alimento no perecedero para Caritas.<\/p>\n<p>&nbsp;<\/p>\n<p><img fetchpriority=\"high\" decoding=\"async\" class=\" wp-image-11269 aligncenter\" src=\"http:\/\/obispadodezaratecampana.org\/wp-content\/uploads\/2016\/03\/jesus-300x162.jpg\" alt=\"jesus\" width=\"430\" height=\"253\" \/><\/p>\n<!-- AddThis Advanced Settings generic via filter on the_content --><!-- AddThis Share Buttons generic via filter on the_content -->","protected":false},"excerpt":{"rendered":"<p>\u201cEn aquel tiempo, dijo Jes\u00fas a los fariseos: Yo me voy y ustedes me buscaran\u201d. Jn 8, 21 \u2013 30 Los padres Rogacionistas y la [&hellip;]<!-- AddThis Advanced Settings generic via filter on get_the_excerpt --><!-- AddThis Share Buttons generic via filter on get_the_excerpt --><\/p>\n","protected":false},"author":2,"featured_media":11269,"comment_status":"open","ping_status":"open","sticky":false,"template":"","format":"standard","meta":{"footnotes":""},"categories":[3],"tags":[],"class_list":["post-11268","post","type-post","status-publish","format-standard","has-post-thumbnail","hentry","category-noticiasparroquiales"],"_links":{"self":[{"href":"https:\/\/obispadodezaratecampana.org\/index.php?rest_route=\/wp\/v2\/posts\/11268","targetHints":{"allow":["GET"]}}],"collection":[{"href":"https:\/\/obispadodezaratecampana.org\/index.php?rest_route=\/wp\/v2\/posts"}],"about":[{"href":"https:\/\/obispadodezaratecampana.org\/index.php?rest_route=\/wp\/v2\/types\/post"}],"author":[{"embeddable":true,"href":"https:\/\/obispadodezaratecampana.org\/index.php?rest_route=\/wp\/v2\/users\/2"}],"replies":[{"embeddable":true,"href":"https:\/\/obispadodezaratecampana.org\/index.php?rest_route=%2Fwp%2Fv2%2Fcomments&post=11268"}],"version-history":[{"count":1,"href":"https:\/\/obispadodezaratecampana.org\/index.php?rest_route=\/wp\/v2\/posts\/11268\/revisions"}],"predecessor-version":[{"id":11270,"href":"https:\/\/obispadodezaratecampana.org\/index.php?rest_route=\/wp\/v2\/posts\/11268\/revisions\/11270"}],"wp:featuredmedia":[{"embeddable":true,"href":"https:\/\/obispadodezaratecampana.org\/index.php?rest_route=\/wp\/v2\/media\/11269"}],"wp:attachment":[{"href":"https:\/\/obispadodezaratecampana.org\/index.php?rest_route=%2Fwp%2Fv2%2Fmedia&parent=11268"}],"wp:term":[{"taxonomy":"category","embeddable":true,"href":"https:\/\/obispadodezaratecampana.org\/index.php?rest_route=%2Fwp%2Fv2%2Fcategories&post=11268"},{"taxonomy":"post_tag","embeddable":true,"href":"https:\/\/obispadodezaratecampana.org\/index.php?rest_route=%2Fwp%2Fv2%2Ftags&post=11268"}],"curies":[{"name":"wp","href":"https:\/\/api.w.org\/{rel}","templated":true}]}}