{"id":11208,"date":"2016-02-12T20:06:07","date_gmt":"2016-02-12T23:06:07","guid":{"rendered":"http:\/\/obispadodezaratecampana.org\/?p=11208"},"modified":"2016-02-12T21:19:46","modified_gmt":"2016-02-13T00:19:46","slug":"sabado-19-de-marzo-ordenacion-sacerdotal-del-diacono-jeronimo-martinez","status":"publish","type":"post","link":"https:\/\/obispadodezaratecampana.org\/?p=11208","title":{"rendered":"S\u00e1bado 19 de marzo: Ordenaci\u00f3n Sacerdotal del Di\u00e1cono Jer\u00f3nimo Martinez"},"content":{"rendered":"<p style=\"text-align: center;\"><strong>ORDENACI\u00d3N SACERDOTAL DEL DI\u00c1CONO TRANSITORIO JER\u00d3NIMO MARTINEZ<\/strong><\/p>\n<p style=\"text-align: center;\"><em>Lema de la Ordenaci\u00f3n elegido por Jer\u00f3nimo: &#8220;Los hombres deben considerarnos simplemente como servidores de Cristo y administradores de los misterios de Dios. Ahora bien, lo que se pide a un administrador, es que sea fiel. &#8221; 1 Cor 4, 1-2<\/em><\/p>\n<p style=\"padding-left: 30px;\"><strong><img fetchpriority=\"high\" decoding=\"async\" class=\"wp-image-11214 aligncenter\" src=\"http:\/\/obispadodezaratecampana.org\/wp-content\/uploads\/2016\/02\/DSC_0071-300x285.jpg\" alt=\"DSC_0071\" width=\"468\" height=\"418\" \/><\/strong><\/p>\n<p style=\"padding-left: 30px;\"><em>Querida comunidad diocesana: los invitamos con mucha alegr\u00eda a participar de la Ordenaci\u00f3n Sacerdotal del Di\u00e1cono Jer\u00f3nimo Martinez.\u00a0<\/em><\/p>\n<p style=\"padding-left: 30px;\"><em>Esta se llevar\u00e1 a cabo el pr\u00f3ximo s\u00e1bado 19 de marzo a las 10: 30 hs, en la Parroquia Ntra Sra del Pilar (Calle Lorenzo Lopez 624, Pilar)<\/em><\/p>\n<p style=\"padding-left: 30px;\"><em>Al finalizar la Celebraci\u00f3n Lit\u00fargica habr\u00e1 un \u00e1gape fraterno en el Instituto Parroquial Ntra Sra del Pilar , situado en Hip\u00f3lito Yrigoyen 645.\u00a0<\/em><\/p>\n<p style=\"padding-left: 30px;\"><img decoding=\"async\" class=\" wp-image-11209 aligncenter\" src=\"http:\/\/obispadodezaratecampana.org\/wp-content\/uploads\/2016\/02\/jeronimo-300x212.jpg\" alt=\"jeronimo\" width=\"374\" height=\"246\" \/><\/p>\n<p style=\"padding-left: 30px;\"><img decoding=\"async\" class=\"wp-image-11215 aligncenter\" src=\"http:\/\/obispadodezaratecampana.org\/wp-content\/uploads\/2016\/02\/DSC_0099-175x300.jpg\" alt=\"DSC_0099\" width=\"235\" height=\"335\" \/><\/p>\n<!-- AddThis Advanced Settings generic via filter on the_content --><!-- AddThis Share Buttons generic via filter on the_content -->","protected":false},"excerpt":{"rendered":"<p>ORDENACI\u00d3N SACERDOTAL DEL DI\u00c1CONO TRANSITORIO JER\u00d3NIMO MARTINEZ Lema de la Ordenaci\u00f3n elegido por Jer\u00f3nimo: &#8220;Los hombres deben considerarnos simplemente como servidores de Cristo y administradores [&hellip;]<!-- AddThis Advanced Settings generic via filter on get_the_excerpt --><!-- AddThis Share Buttons generic via filter on get_the_excerpt --><\/p>\n","protected":false},"author":2,"featured_media":11209,"comment_status":"open","ping_status":"open","sticky":false,"template":"","format":"standard","meta":{"footnotes":""},"categories":[1],"tags":[],"class_list":["post-11208","post","type-post","status-publish","format-standard","has-post-thumbnail","hentry","category-noticiasdiocesanas"],"_links":{"self":[{"href":"https:\/\/obispadodezaratecampana.org\/index.php?rest_route=\/wp\/v2\/posts\/11208","targetHints":{"allow":["GET"]}}],"collection":[{"href":"https:\/\/obispadodezaratecampana.org\/index.php?rest_route=\/wp\/v2\/posts"}],"about":[{"href":"https:\/\/obispadodezaratecampana.org\/index.php?rest_route=\/wp\/v2\/types\/post"}],"author":[{"embeddable":true,"href":"https:\/\/obispadodezaratecampana.org\/index.php?rest_route=\/wp\/v2\/users\/2"}],"replies":[{"embeddable":true,"href":"https:\/\/obispadodezaratecampana.org\/index.php?rest_route=%2Fwp%2Fv2%2Fcomments&post=11208"}],"version-history":[{"count":4,"href":"https:\/\/obispadodezaratecampana.org\/index.php?rest_route=\/wp\/v2\/posts\/11208\/revisions"}],"predecessor-version":[{"id":11217,"href":"https:\/\/obispadodezaratecampana.org\/index.php?rest_route=\/wp\/v2\/posts\/11208\/revisions\/11217"}],"wp:featuredmedia":[{"embeddable":true,"href":"https:\/\/obispadodezaratecampana.org\/index.php?rest_route=\/wp\/v2\/media\/11209"}],"wp:attachment":[{"href":"https:\/\/obispadodezaratecampana.org\/index.php?rest_route=%2Fwp%2Fv2%2Fmedia&parent=11208"}],"wp:term":[{"taxonomy":"category","embeddable":true,"href":"https:\/\/obispadodezaratecampana.org\/index.php?rest_route=%2Fwp%2Fv2%2Fcategories&post=11208"},{"taxonomy":"post_tag","embeddable":true,"href":"https:\/\/obispadodezaratecampana.org\/index.php?rest_route=%2Fwp%2Fv2%2Ftags&post=11208"}],"curies":[{"name":"wp","href":"https:\/\/api.w.org\/{rel}","templated":true}]}}