{"id":11202,"date":"2016-02-12T14:54:48","date_gmt":"2016-02-12T17:54:48","guid":{"rendered":"http:\/\/obispadodezaratecampana.org\/?p=11202"},"modified":"2016-02-12T20:07:35","modified_gmt":"2016-02-12T23:07:35","slug":"inicio-de-la-cuaresma-pongamos-nuestra-confianza-en-dios-monsenor-pedro","status":"publish","type":"post","link":"https:\/\/obispadodezaratecampana.org\/?p=11202","title":{"rendered":"En esta Cuaresma : &#8220;Pongamos nuestra confianza en Dios&#8221;  &#8211; Monse\u00f1or Pedro &#8211;"},"content":{"rendered":"<p><img fetchpriority=\"high\" decoding=\"async\" class=\"wp-image-11203 aligncenter\" src=\"http:\/\/obispadodezaratecampana.org\/wp-content\/uploads\/2016\/02\/DSC_0399-300x200.jpg\" alt=\"DSC_0399\" width=\"540\" height=\"285\" \/><\/p>\n<p>El mi\u00e9rcoles 10 de febrero la Iglesia ha iniciado el tiempo de Cuaresma. Estos 40 d\u00edas representan un tiempo de gracia, donde los fieles son llamados particularmente a la conversi\u00f3n del coraz\u00f3n, como preparaci\u00f3n para vivir los misterios de la Pasi\u00f3n, Muerte y Resurrecci\u00f3n de Cristo durante el Triduo Pascual.<\/p>\n<p>En todas las parroquias, capillas y comunidades de nuestra di\u00f3cesis de Z\u00e1rate &#8211; Campana (as\u00ed como tambi\u00e9n en el mundo) se impusieron las Cenizas.<\/p>\n<p>Nuestro Obispo diocesano, Monse\u00f1or Pedro Laxague , presidi\u00f3 la celebraci\u00f3n vespertina del Mi\u00e9rcoles de Ceniza, en la Catedral Santa Florentina de Campana. La misa fue concelebrada por Monse\u00f1or Ariel Perez &#8211; cura p\u00e1rroco de la Catedral &#8211; y otros sacerdotes.<\/p>\n<p>Participaron adem\u00e1s Seminaristas y los fieles que colmaron el templo Catedralicio.<\/p>\n<p>Las Cenizas fueron impuestas en la frente de los asistentes por el Obispo y sacerdotes &#8211; \u00a0luego de la Proclamaci\u00f3n del Evangelio &#8211; , quienes recitaban al momento del imponerlas la siguiente frase: <em>&#8221; CONVIERTETE, Y CREE EN EL EVANGELIO. &#8220;<\/em><\/p>\n<p><img decoding=\"async\" class=\"wp-image-11204 aligncenter\" src=\"http:\/\/obispadodezaratecampana.org\/wp-content\/uploads\/2016\/02\/DSC_0420-300x200.jpg\" alt=\"DSC_0420\" width=\"531\" height=\"283\" \/><\/p>\n<p><strong>Homil\u00eda del Obispo<\/strong><\/p>\n<p>Monse\u00f1or Pedro comenz\u00f3 explicando el porque el tiempo de Cuaresma es propicio para dejar que Jes\u00fas nos sirva: &#8220;Este tiempo de Cuaresma es para &#8220;Dejar que Jes\u00fas nos sirva&#8221;. (&#8230;)\u00bfCual es el servicio que Jes\u00fas nos quiere hacer? Nos quiere levantar de nuestras ca\u00eddas, nuestros pecados, ayudarnos si estamos agobiados&#8221;.<br \/>\nAs\u00ed es como debemos vivir estos 40 d\u00edas de preparaci\u00f3n para la Pascua, dejando que \u00a0Dios obre en nosotros, y convierta nuestro coraz\u00f3n. &#8220;Nosotros no tenemos que cambiar, debemos dejar que nos cambie el Se\u00f1or&#8221;.<br \/>\nRecord\u00f3 adem\u00e1s que en el Jueves Santo, lavando los pies de sus Ap\u00f3stoles antes de la \u00daltima Cena, Jes\u00fas se muestra especialmente como servidor de todos.<br \/>\nContinu\u00f3 refiriendo que el obst\u00e1culo que podemos poner al accionar del Salvador es la actitud de &#8220;querer hacer todo nosotros&#8221; sin dejar espacio para El. Como consecuencia de esto, seguramente nos sentiremos agobiados, cansados, e incapaces de resolver los m\u00faltiples inconvenientes que aparecen en la vida cotidiana.<br \/>\nAl respecto del Evangelio seg\u00fan San Mateo , el Obispo destac\u00f3 la relaci\u00f3n que debe existir entre: Ayuno &#8211; Limosna &#8211; Oraci\u00f3n , y el Amor en sus tres dimensiones.<br \/>\n&#8211; Amor a Dios: cuando rezamos, debemos ser capaces escuchar lo que Dios tiene para decirnos, no solo hablarle haciendo o\u00eddos sordos.<br \/>\n&#8211; Amor a los dem\u00e1s: esto se concreta particularmente con la limosna, que implica una ayuda material concreta hacia nuestros hermanos mas necesitados.<br \/>\n&#8211; Amor a uno mismo: el ayuno nos fortalecer\u00e1 para que hagamos las cosas que el Se\u00f1or nos propone, no solo &#8220;cuando tenemos ganas&#8221;; sino a pesar del des\u00e1nimo. Cit\u00f3 el ejemplo de la asistencia a misa dominical, algo que parece muy sencillo, pero que en muchas ocasiones se torna una pesada carga.<br \/>\nNuestra vida, debe apoyarse en estos tres aspectos del Amor, teniendo presente que si falta uno de ellos, todo se desmorona.<br \/>\nFinalmente exhorto a que pongamos &#8220;nuestra confianza en Dios&#8221;, pidi\u00e9ndole que podamos tener una Fe &#8220;como un granito de mostaza&#8221;(citando a San Mateo) .<\/p>\n<p><strong><img decoding=\"async\" class=\"wp-image-11205 aligncenter\" src=\"http:\/\/obispadodezaratecampana.org\/wp-content\/uploads\/2016\/02\/DSC_0436-300x200.jpg\" alt=\"DSC_0436\" width=\"535\" height=\"293\" \/><\/strong><\/p>\n<p><img loading=\"lazy\" decoding=\"async\" class=\" wp-image-11206 aligncenter\" src=\"http:\/\/obispadodezaratecampana.org\/wp-content\/uploads\/2016\/02\/DSC_0442-300x200.jpg\" alt=\"DSC_0442\" width=\"534\" height=\"356\" srcset=\"https:\/\/obispadodezaratecampana.org\/wp-content\/uploads\/2016\/02\/DSC_0442-300x200.jpg 300w, https:\/\/obispadodezaratecampana.org\/wp-content\/uploads\/2016\/02\/DSC_0442-1024x682.jpg 1024w\" sizes=\"(max-width: 534px) 100vw, 534px\" \/><\/p>\n<!-- AddThis Advanced Settings generic via filter on the_content --><!-- AddThis Share Buttons generic via filter on the_content -->","protected":false},"excerpt":{"rendered":"<p>El mi\u00e9rcoles 10 de febrero la Iglesia ha iniciado el tiempo de Cuaresma. Estos 40 d\u00edas representan un tiempo de gracia, donde los fieles son [&hellip;]<!-- AddThis Advanced Settings generic via filter on get_the_excerpt --><!-- AddThis Share Buttons generic via filter on get_the_excerpt --><\/p>\n","protected":false},"author":2,"featured_media":11203,"comment_status":"open","ping_status":"open","sticky":false,"template":"","format":"standard","meta":{"footnotes":""},"categories":[1],"tags":[],"class_list":["post-11202","post","type-post","status-publish","format-standard","has-post-thumbnail","hentry","category-noticiasdiocesanas"],"_links":{"self":[{"href":"https:\/\/obispadodezaratecampana.org\/index.php?rest_route=\/wp\/v2\/posts\/11202","targetHints":{"allow":["GET"]}}],"collection":[{"href":"https:\/\/obispadodezaratecampana.org\/index.php?rest_route=\/wp\/v2\/posts"}],"about":[{"href":"https:\/\/obispadodezaratecampana.org\/index.php?rest_route=\/wp\/v2\/types\/post"}],"author":[{"embeddable":true,"href":"https:\/\/obispadodezaratecampana.org\/index.php?rest_route=\/wp\/v2\/users\/2"}],"replies":[{"embeddable":true,"href":"https:\/\/obispadodezaratecampana.org\/index.php?rest_route=%2Fwp%2Fv2%2Fcomments&post=11202"}],"version-history":[{"count":2,"href":"https:\/\/obispadodezaratecampana.org\/index.php?rest_route=\/wp\/v2\/posts\/11202\/revisions"}],"predecessor-version":[{"id":11211,"href":"https:\/\/obispadodezaratecampana.org\/index.php?rest_route=\/wp\/v2\/posts\/11202\/revisions\/11211"}],"wp:featuredmedia":[{"embeddable":true,"href":"https:\/\/obispadodezaratecampana.org\/index.php?rest_route=\/wp\/v2\/media\/11203"}],"wp:attachment":[{"href":"https:\/\/obispadodezaratecampana.org\/index.php?rest_route=%2Fwp%2Fv2%2Fmedia&parent=11202"}],"wp:term":[{"taxonomy":"category","embeddable":true,"href":"https:\/\/obispadodezaratecampana.org\/index.php?rest_route=%2Fwp%2Fv2%2Fcategories&post=11202"},{"taxonomy":"post_tag","embeddable":true,"href":"https:\/\/obispadodezaratecampana.org\/index.php?rest_route=%2Fwp%2Fv2%2Ftags&post=11202"}],"curies":[{"name":"wp","href":"https:\/\/api.w.org\/{rel}","templated":true}]}}