{"id":11195,"date":"2016-02-10T15:17:09","date_gmt":"2016-02-10T18:17:09","guid":{"rendered":"http:\/\/obispadodezaratecampana.org\/?p=11195"},"modified":"2016-02-10T15:17:09","modified_gmt":"2016-02-10T18:17:09","slug":"la-nueva-secretaria-para-la-comunicacion-del-vaticano","status":"publish","type":"post","link":"https:\/\/obispadodezaratecampana.org\/?p=11195","title":{"rendered":"La nueva secretaria para la Comunicaci\u00f3n del Vaticano"},"content":{"rendered":"<p><strong>LA NUEVA SECRETAR\u00cdA PARA LA COMUNICACI\u00d3N DEL VATICANO<\/strong><\/p>\n<p>Queridos amigos, como saben, News.va est\u00e1 hecho desde el Vaticano. Hace algunos meses, el Papa Francisco estableci\u00f3 una Secretar\u00eda para la Comunicaci\u00f3n (SPC) que se encargar\u00e1 de coordinar y mejorar el trabajo de todos los medios de comunicaci\u00f3n oficiales de la Santa Sede.<\/p>\n<p>Ayer, el Papa nombr\u00f3 dos nuevos miembros de esta Secretar\u00eda, que quisieron conocer el trabajo que desarrollamos. Compartimos con ustedes esta imagen de la reuni\u00f3n con el equipo directivo de la nueva Secretar\u00eda para la Comunicaci\u00f3n. De izquierda a derecha:<\/p>\n<p>-Nata\u0161a Govekar, te\u00f3loga y comunicadora eslovena que es la nueva Directora del Departamento Teol\u00f3gico-Pastoral de la SPC;<\/p>\n<p>-Mons. Lucio Ruiz (Argentina), Secretario;<\/p>\n<p>-Mons. Dario Edoardo Vigan\u00f2 (Italia), Prefecto;<\/p>\n<p>-el Arzobispo Mons. Claudio Maria Celli (Italia), \u00faltimo Presidente del Pontificio Consejo para las Comunicaciones Sociales (entidad que ha concluido su misi\u00f3n con el nacimiento de la nueva Secretar\u00eda);<\/p>\n<p>-y Francesco Masci (Italia), jefe de la Direcci\u00f3n Tecnol\u00f3gica de la SPC.<\/p>\n<p>Fuente: NEWS.VA<\/p>\n<p><img decoding=\"async\" class=\"size-medium wp-image-11196 aligncenter\" src=\"http:\/\/obispadodezaratecampana.org\/wp-content\/uploads\/2016\/02\/12688388_1184119274932442_5788738717684948838_n-300x166.jpg\" alt=\"12688388_1184119274932442_5788738717684948838_n\" width=\"300\" height=\"166\" srcset=\"https:\/\/obispadodezaratecampana.org\/wp-content\/uploads\/2016\/02\/12688388_1184119274932442_5788738717684948838_n-300x166.jpg 300w, https:\/\/obispadodezaratecampana.org\/wp-content\/uploads\/2016\/02\/12688388_1184119274932442_5788738717684948838_n.jpg 960w\" sizes=\"(max-width: 300px) 100vw, 300px\" \/><\/p>\n<!-- AddThis Advanced Settings generic via filter on the_content --><!-- AddThis Share Buttons generic via filter on the_content -->","protected":false},"excerpt":{"rendered":"<p>LA NUEVA SECRETAR\u00cdA PARA LA COMUNICACI\u00d3N DEL VATICANO Queridos amigos, como saben, News.va est\u00e1 hecho desde el Vaticano. Hace algunos meses, el Papa Francisco estableci\u00f3 [&hellip;]<!-- AddThis Advanced Settings generic via filter on get_the_excerpt --><!-- AddThis Share Buttons generic via filter on get_the_excerpt --><\/p>\n","protected":false},"author":2,"featured_media":11196,"comment_status":"open","ping_status":"open","sticky":false,"template":"","format":"standard","meta":{"footnotes":""},"categories":[161],"tags":[],"class_list":["post-11195","post","type-post","status-publish","format-standard","has-post-thumbnail","hentry","category-el-papa-leonxiv"],"_links":{"self":[{"href":"https:\/\/obispadodezaratecampana.org\/index.php?rest_route=\/wp\/v2\/posts\/11195","targetHints":{"allow":["GET"]}}],"collection":[{"href":"https:\/\/obispadodezaratecampana.org\/index.php?rest_route=\/wp\/v2\/posts"}],"about":[{"href":"https:\/\/obispadodezaratecampana.org\/index.php?rest_route=\/wp\/v2\/types\/post"}],"author":[{"embeddable":true,"href":"https:\/\/obispadodezaratecampana.org\/index.php?rest_route=\/wp\/v2\/users\/2"}],"replies":[{"embeddable":true,"href":"https:\/\/obispadodezaratecampana.org\/index.php?rest_route=%2Fwp%2Fv2%2Fcomments&post=11195"}],"version-history":[{"count":1,"href":"https:\/\/obispadodezaratecampana.org\/index.php?rest_route=\/wp\/v2\/posts\/11195\/revisions"}],"predecessor-version":[{"id":11197,"href":"https:\/\/obispadodezaratecampana.org\/index.php?rest_route=\/wp\/v2\/posts\/11195\/revisions\/11197"}],"wp:featuredmedia":[{"embeddable":true,"href":"https:\/\/obispadodezaratecampana.org\/index.php?rest_route=\/wp\/v2\/media\/11196"}],"wp:attachment":[{"href":"https:\/\/obispadodezaratecampana.org\/index.php?rest_route=%2Fwp%2Fv2%2Fmedia&parent=11195"}],"wp:term":[{"taxonomy":"category","embeddable":true,"href":"https:\/\/obispadodezaratecampana.org\/index.php?rest_route=%2Fwp%2Fv2%2Fcategories&post=11195"},{"taxonomy":"post_tag","embeddable":true,"href":"https:\/\/obispadodezaratecampana.org\/index.php?rest_route=%2Fwp%2Fv2%2Ftags&post=11195"}],"curies":[{"name":"wp","href":"https:\/\/api.w.org\/{rel}","templated":true}]}}