{"id":11191,"date":"2016-02-10T15:05:30","date_gmt":"2016-02-10T18:05:30","guid":{"rendered":"http:\/\/obispadodezaratecampana.org\/?p=11191"},"modified":"2016-02-10T15:05:30","modified_gmt":"2016-02-10T18:05:30","slug":"junta-diocesana-de-catequesis-propuesta-de-formacion-para-catequistas","status":"publish","type":"post","link":"https:\/\/obispadodezaratecampana.org\/?p=11191","title":{"rendered":"Junta Diocesana de Catequesis: Propuesta de Formaci\u00f3n para catequistas"},"content":{"rendered":"<p>Queridos lectores: compartimos este afiche con propuestas de Formaci\u00f3n Catequ\u00edstica del ISCA. Para mas informes y consultas pueden contactarse directamente con el ISCA, o bien con nuestra Junta Diocesana de Catequesis:<\/p>\n<p>Perfil de facebook del ISCA:\u00a0<a title=\"isca\" href=\"https:\/\/www.facebook.com\/iscacea?fref=ts\" target=\"_blank\">https:\/\/www.facebook.com\/iscacea?fref=ts<\/a><\/p>\n<p>Perfil de facebook de la Junta de Catequesis:\u00a0<a title=\"juntadiocesanacatequesis\" href=\"https:\/\/www.facebook.com\/Junta-Diocesana-de-Catequistas-Z%C3%A1rate-Campana-108771125830497\/?fref=ts\" target=\"_blank\">https:\/\/www.facebook.com\/Junta-Diocesana-de-Catequistas-Z%C3%A1rate-Campana-108771125830497\/?fref=ts<\/a><\/p>\n<p><img fetchpriority=\"high\" decoding=\"async\" class=\" wp-image-11193 aligncenter\" src=\"http:\/\/obispadodezaratecampana.org\/wp-content\/uploads\/2016\/02\/12716014_1146299688744297_4125769802729543451_o1-166x300.jpg\" alt=\"12716014_1146299688744297_4125769802729543451_o\" width=\"257\" height=\"502\" \/><\/p>\n<!-- AddThis Advanced Settings generic via filter on the_content --><!-- AddThis Share Buttons generic via filter on the_content -->","protected":false},"excerpt":{"rendered":"<p>Queridos lectores: compartimos este afiche con propuestas de Formaci\u00f3n Catequ\u00edstica del ISCA. Para mas informes y consultas pueden contactarse directamente con el ISCA, o bien [&hellip;]<!-- AddThis Advanced Settings generic via filter on get_the_excerpt --><!-- AddThis Share Buttons generic via filter on get_the_excerpt --><\/p>\n","protected":false},"author":2,"featured_media":11192,"comment_status":"open","ping_status":"open","sticky":false,"template":"","format":"standard","meta":{"footnotes":""},"categories":[1],"tags":[],"class_list":["post-11191","post","type-post","status-publish","format-standard","has-post-thumbnail","hentry","category-noticiasdiocesanas"],"_links":{"self":[{"href":"https:\/\/obispadodezaratecampana.org\/index.php?rest_route=\/wp\/v2\/posts\/11191","targetHints":{"allow":["GET"]}}],"collection":[{"href":"https:\/\/obispadodezaratecampana.org\/index.php?rest_route=\/wp\/v2\/posts"}],"about":[{"href":"https:\/\/obispadodezaratecampana.org\/index.php?rest_route=\/wp\/v2\/types\/post"}],"author":[{"embeddable":true,"href":"https:\/\/obispadodezaratecampana.org\/index.php?rest_route=\/wp\/v2\/users\/2"}],"replies":[{"embeddable":true,"href":"https:\/\/obispadodezaratecampana.org\/index.php?rest_route=%2Fwp%2Fv2%2Fcomments&post=11191"}],"version-history":[{"count":1,"href":"https:\/\/obispadodezaratecampana.org\/index.php?rest_route=\/wp\/v2\/posts\/11191\/revisions"}],"predecessor-version":[{"id":11194,"href":"https:\/\/obispadodezaratecampana.org\/index.php?rest_route=\/wp\/v2\/posts\/11191\/revisions\/11194"}],"wp:featuredmedia":[{"embeddable":true,"href":"https:\/\/obispadodezaratecampana.org\/index.php?rest_route=\/wp\/v2\/media\/11192"}],"wp:attachment":[{"href":"https:\/\/obispadodezaratecampana.org\/index.php?rest_route=%2Fwp%2Fv2%2Fmedia&parent=11191"}],"wp:term":[{"taxonomy":"category","embeddable":true,"href":"https:\/\/obispadodezaratecampana.org\/index.php?rest_route=%2Fwp%2Fv2%2Fcategories&post=11191"},{"taxonomy":"post_tag","embeddable":true,"href":"https:\/\/obispadodezaratecampana.org\/index.php?rest_route=%2Fwp%2Fv2%2Ftags&post=11191"}],"curies":[{"name":"wp","href":"https:\/\/api.w.org\/{rel}","templated":true}]}}