{"id":11176,"date":"2016-02-10T13:57:11","date_gmt":"2016-02-10T16:57:11","guid":{"rendered":"http:\/\/obispadodezaratecampana.org\/?p=11176"},"modified":"2016-02-10T14:31:25","modified_gmt":"2016-02-10T17:31:25","slug":"miercoles-de-ceniza-comienza-la-cuaresma-10-de-febrero","status":"publish","type":"post","link":"https:\/\/obispadodezaratecampana.org\/?p=11176","title":{"rendered":"Mi\u00e9rcoles de Ceniza : Comienza la Cuaresma  &#8211; 10 de febrero &#8211;"},"content":{"rendered":"<p><img fetchpriority=\"high\" decoding=\"async\" class=\" wp-image-11178 aligncenter\" src=\"http:\/\/obispadodezaratecampana.org\/wp-content\/uploads\/2016\/02\/12688284_1034946903228779_2380155257674395114_n1-300x300.jpg\" alt=\"12688284_1034946903228779_2380155257674395114_n\" width=\"524\" height=\"394\" \/><\/p>\n<p><span style=\"color: #800080;\">La Cuaresma es el tiempo lit\u00fargico de conversi\u00f3n, que marca la Iglesia para prepararnos a la gran fiesta de la Pascua. Es tiempo para arrepentirnos de nuestros pecados y de cambiar algo de nosotros para ser mejores y poder vivir m\u00e1s cerca de Cristo.<\/span><\/p>\n<p><span style=\"color: #800080;\">La Cuaresma dura 40 d\u00edas; comienza el Mi\u00e9rcoles de Ceniza y termina antes de la Misa de la Cena del Se\u00f1or del Jueves Santo. A lo largo de este tiempo, sobre todo en la liturgia del domingo, hacemos un esfuerzo por recuperar el ritmo y estilo de verdaderos creyentes que debemos vivir como hijos de Dios.<\/span><\/p>\n<p><span style=\"color: #800080;\">El color lit\u00fargico de este tiempo es el morado que significa luto y penitencia. Es un tiempo de reflexi\u00f3n, de penitencia, de conversi\u00f3n espiritual; tiempo de preparaci\u00f3n al misterio pascual.<\/span><\/p>\n<p><span style=\"color: #800080;\">En la Cuaresma, Cristo nos invita a cambiar de vida. La Iglesia nos invita a vivir la Cuaresma como un camino hacia Jesucristo, escuchando la Palabra de Dios, orando, compartiendo con el pr\u00f3jimo y haciendo obras buenas. Nos invita a vivir una serie de actitudes cristianas que nos ayudan a parecernos m\u00e1s a Jesucristo, ya que por acci\u00f3n de nuestro pecado, nos alejamos m\u00e1s de Dios.<\/span><\/p>\n<p><span style=\"color: #800080;\">Por ello, la Cuaresma es el tiempo del perd\u00f3n y de la reconciliaci\u00f3n fraterna. Cada d\u00eda, durante toda la vida, hemos de arrojar de nuestros corazones el odio, el rencor, la envidia, los celos que se oponen a nuestro amor a Dios y a los hermanos. En Cuaresma, aprendemos a conocer y apreciar la Cruz de Jes\u00fas. Con esto aprendemos tambi\u00e9n a tomar nuestra cruz con alegr\u00eda para alcanzar la gloria de la resurrecci\u00f3n.<\/span><\/p>\n<p><span style=\"color: #800080;\">40 d\u00edas<\/span><\/p>\n<p><span style=\"color: #800080;\">La duraci\u00f3n de la Cuaresma est\u00e1 basada en el s\u00edmbolo del n\u00famero cuarenta en la Biblia. En \u00e9sta, se habla de los cuarenta d\u00edas del diluvio, de los cuarenta a\u00f1os de la marcha del pueblo jud\u00edo por el desierto, de los cuarenta d\u00edas de Mois\u00e9s y de El\u00edas en la monta\u00f1a, de los cuarenta d\u00edas que pas\u00f3 Jes\u00fas en el desierto antes de comenzar su vida p\u00fablica, de los 400 a\u00f1os que dur\u00f3 la estancia de los jud\u00edos en Egipto.<\/span><\/p>\n<p><span style=\"color: #800080;\">En la Biblia, el n\u00famero cuatro simboliza el universo material, seguido de ceros significa el tiempo de nuestra vida en la tierra, seguido de pruebas y dificultades.<\/span><\/p>\n<p><span style=\"color: #800080;\">La pr\u00e1ctica de la Cuaresma data desde el siglo IV, cuando se da la tendencia a constituirla en tiempo de penitencia y de renovaci\u00f3n para toda la Iglesia, con la pr\u00e1ctica del ayuno y de la abstinencia. Conservada con bastante vigor, al menos en un principio, en las iglesias de oriente, la pr\u00e1ctica penitencial de la Cuaresma ha sido cada vez m\u00e1s aligerada en occidente, pero debe observarse un esp\u00edritu penitencial y de conversi\u00f3n.<\/span><\/p>\n<p><span style=\"color: #800080;\">Fuente: ACIPRENSA<\/span><\/p>\n<p>&nbsp;<\/p>\n<p><img decoding=\"async\" class=\" wp-image-11185 aligncenter\" src=\"http:\/\/obispadodezaratecampana.org\/wp-content\/uploads\/2016\/02\/10400160_940036576078612_7621128144807989964_n-300x300.jpg\" alt=\"10400160_940036576078612_7621128144807989964_n\" width=\"533\" height=\"389\" \/><\/p>\n<p>&nbsp;<\/p>\n<p><span style=\"color: #800080;\"><strong>Evangelio del mi\u00e9rcoles 10 de febrero del 2016 &#8211;\u00a0San Mateo 6,1-6.16-18.\u00a0<\/strong><\/span><\/p>\n<p><em><span style=\"color: #800080;\">Jes\u00fas dijo a sus disc\u00edpulos: <\/span><\/em><br \/>\n<em> <span style=\"color: #800080;\">Tengan cuidado de no practicar su justicia delante de los hombres para ser vistos por ellos: de lo contrario, no recibir\u00e1n ninguna recompensa del Padre que est\u00e1 en el cielo. <\/span><\/em><br \/>\n<em> <span style=\"color: #800080;\">Por lo tanto, cuando des limosna, no lo vayas pregonando delante de ti, como hacen los hip\u00f3critas en las sinagogas y en las calles, para ser honrados por los hombres. Les aseguro que ellos ya tienen su recompensa. <\/span><\/em><br \/>\n<em> <span style=\"color: #800080;\">Cuando t\u00fa des limosna, que tu mano izquierda ignore lo que hace la derecha, para que tu limosna quede en secreto; y tu Padre, que ve en lo secreto, te recompensar\u00e1. <\/span><\/em><br \/>\n<em> <span style=\"color: #800080;\">Cuando ustedes oren, no hagan como los hip\u00f3critas: a ellos les gusta orar de pie en las sinagogas y en las esquinas de las calles, para ser vistos. Les aseguro que ellos ya tienen su recompensa. <\/span><\/em><br \/>\n<em> <span style=\"color: #800080;\">T\u00fa, en cambio, cuando ores, ret\u00edrate a tu habitaci\u00f3n, cierra la puerta y ora a tu Padre que est\u00e1 en lo secreto; y tu Padre, que ve en lo secreto, te recompensar\u00e1. <\/span><\/em><br \/>\n<em> <span style=\"color: #800080;\">Cuando ustedes ayunen, no pongan cara triste, como hacen los hip\u00f3critas, que desfiguran su rostro para que se note que ayunan. Les aseguro que con eso, ya han recibido su recompensa. <\/span><\/em><br \/>\n<em> <span style=\"color: #800080;\">T\u00fa, en cambio, cuando ayunes, perfuma tu cabeza y lava tu rostro, para que tu ayuno no sea conocido por los hombres, sino por tu Padre que est\u00e1 en lo secreto; y tu Padre, que ve en lo secreto, te recompensar\u00e1. <\/span><\/em><\/p>\n<p><span style=\"color: #800080;\">Palabra de Dios. Gloria a Ti, Se\u00f1or Jesus.<\/span><\/p>\n<p><img decoding=\"async\" class=\"wp-image-11182 aligncenter\" src=\"http:\/\/obispadodezaratecampana.org\/wp-content\/uploads\/2016\/02\/cuaresma2016-300x121.jpg\" alt=\"cuaresma2016\" width=\"426\" height=\"172\" srcset=\"https:\/\/obispadodezaratecampana.org\/wp-content\/uploads\/2016\/02\/cuaresma2016-300x121.jpg 300w, https:\/\/obispadodezaratecampana.org\/wp-content\/uploads\/2016\/02\/cuaresma2016.jpg 960w\" sizes=\"(max-width: 426px) 100vw, 426px\" \/><\/p>\n<!-- AddThis Advanced Settings generic via filter on the_content --><!-- AddThis Share Buttons generic via filter on the_content -->","protected":false},"excerpt":{"rendered":"<p>La Cuaresma es el tiempo lit\u00fargico de conversi\u00f3n, que marca la Iglesia para prepararnos a la gran fiesta de la Pascua. Es tiempo para arrepentirnos [&hellip;]<!-- AddThis Advanced Settings generic via filter on get_the_excerpt --><!-- AddThis Share Buttons generic via filter on get_the_excerpt --><\/p>\n","protected":false},"author":2,"featured_media":11177,"comment_status":"open","ping_status":"open","sticky":false,"template":"","format":"standard","meta":{"footnotes":""},"categories":[1],"tags":[],"class_list":["post-11176","post","type-post","status-publish","format-standard","has-post-thumbnail","hentry","category-noticiasdiocesanas"],"_links":{"self":[{"href":"https:\/\/obispadodezaratecampana.org\/index.php?rest_route=\/wp\/v2\/posts\/11176","targetHints":{"allow":["GET"]}}],"collection":[{"href":"https:\/\/obispadodezaratecampana.org\/index.php?rest_route=\/wp\/v2\/posts"}],"about":[{"href":"https:\/\/obispadodezaratecampana.org\/index.php?rest_route=\/wp\/v2\/types\/post"}],"author":[{"embeddable":true,"href":"https:\/\/obispadodezaratecampana.org\/index.php?rest_route=\/wp\/v2\/users\/2"}],"replies":[{"embeddable":true,"href":"https:\/\/obispadodezaratecampana.org\/index.php?rest_route=%2Fwp%2Fv2%2Fcomments&post=11176"}],"version-history":[{"count":7,"href":"https:\/\/obispadodezaratecampana.org\/index.php?rest_route=\/wp\/v2\/posts\/11176\/revisions"}],"predecessor-version":[{"id":11190,"href":"https:\/\/obispadodezaratecampana.org\/index.php?rest_route=\/wp\/v2\/posts\/11176\/revisions\/11190"}],"wp:featuredmedia":[{"embeddable":true,"href":"https:\/\/obispadodezaratecampana.org\/index.php?rest_route=\/wp\/v2\/media\/11177"}],"wp:attachment":[{"href":"https:\/\/obispadodezaratecampana.org\/index.php?rest_route=%2Fwp%2Fv2%2Fmedia&parent=11176"}],"wp:term":[{"taxonomy":"category","embeddable":true,"href":"https:\/\/obispadodezaratecampana.org\/index.php?rest_route=%2Fwp%2Fv2%2Fcategories&post=11176"},{"taxonomy":"post_tag","embeddable":true,"href":"https:\/\/obispadodezaratecampana.org\/index.php?rest_route=%2Fwp%2Fv2%2Ftags&post=11176"}],"curies":[{"name":"wp","href":"https:\/\/api.w.org\/{rel}","templated":true}]}}