{"id":11170,"date":"2016-02-09T08:00:41","date_gmt":"2016-02-09T11:00:41","guid":{"rendered":"http:\/\/obispadodezaratecampana.org\/?p=11170"},"modified":"2016-02-08T12:22:38","modified_gmt":"2016-02-08T15:22:38","slug":"9-de-febrero-san-miguel-febres-cordero","status":"publish","type":"post","link":"https:\/\/obispadodezaratecampana.org\/?p=11170","title":{"rendered":"9 de febrero : San Miguel Febres Cordero"},"content":{"rendered":"<p><strong>Miguel Febres Cordero\u00a0(a\u00f1o 1910) &#8211; Un santo ecuatoriano &#8211;\u00a0<\/strong><\/p>\n<p><a href=\"http:\/\/obispadodezaratecampana.org\/wp-content\/uploads\/2016\/02\/miguel.jpg\"><img fetchpriority=\"high\" decoding=\"async\" class=\"size-medium wp-image-11171 aligncenter\" src=\"http:\/\/obispadodezaratecampana.org\/wp-content\/uploads\/2016\/02\/miguel-300x225.jpg\" alt=\"miguel\" width=\"300\" height=\"225\" srcset=\"https:\/\/obispadodezaratecampana.org\/wp-content\/uploads\/2016\/02\/miguel-300x225.jpg 300w, https:\/\/obispadodezaratecampana.org\/wp-content\/uploads\/2016\/02\/miguel.jpg 480w\" sizes=\"(max-width: 300px) 100vw, 300px\" \/><\/a><\/p>\n<p>Hermano Cristiano, Educador y Publicista.\u00a0El ni\u00f1o de pies deformes que lleg\u00f3 muy lejos.<\/p>\n<p>Cuando Miguel Febres era muy ni\u00f1o, todos le ten\u00edan l\u00e1stima por sus pies deformes. Pero pocos educadores han llegado tan lejos como \u00e9l en \u00e9xitos educativos.<\/p>\n<p>El d\u00eda de su nacimiento en Cuenca, Ecuador, el 7 de noviembre de 1854, sus padres tuvieron una gran tristeza al ver que el ni\u00f1o ten\u00eda los pies deformes. Y a los cinco a\u00f1os el peque\u00f1\u00edn todav\u00eda no hab\u00eda dado los primeros pasos.<\/p>\n<p>Pero sucedi\u00f3 que un d\u00eda observando un rosal florecido en el jard\u00edn de su casa grit\u00f3: &#8220;Miren qu\u00e9 hermosa es la se\u00f1ora que est\u00e1 sobre las rosas&#8221;. Acudieron los familiares pero no vieron nada especial; sin embargo el ni\u00f1o segu\u00eda diciendo: &#8220;Miren c\u00f3mo es de hermosa. Tiene un vestido blanco y un manto azul y me llama&#8221;. Y luego todos quedaron maravillados al ver que el ni\u00f1o se levant\u00f3 y comenz\u00f3 a caminar. Estaba curado. La Virgen hab\u00eda empezado a ayudarle de manera impresionante.<\/p>\n<p>El gran Presidente del Ecuador, cat\u00f3lico ejemplar y m\u00e1rtir, Gabriel Garc\u00eda Moreno, hizo llegar a su pa\u00eds a los Hermanos Cristianos, formidables educadores. Y estos buenos religiosos fundaron un colegio en Cuenca, y all\u00ed fue matriculado Miguel Febres, el cual qued\u00f3 encantado de las cualidades pedag\u00f3gicas que tiene los Hermanos de la Salle. Miguel sobresal\u00eda entre los alumnos por su gran inteligencia pero sobre todo por su inmenso deseo de aprender. Cuando los dem\u00e1s alumnos se iban a sus casas, \u00e9l se quedaba en el colegio repasando sus lecciones y ayudando a los religiosos en los oficios de la casa. Ellos empezaron a tenerle gran aprecio y especial cari\u00f1o.<\/p>\n<p>Miguel deseaba ser Hermano Cristiano, pero sus familiares se le opon\u00edan porque ellos eran de clase rica y en cambio aquellos religiosos viv\u00edan muy pobremente en ese tiempo en Ecuador. Lo env\u00edan a otro instituto pero all\u00ed se enferma y tiene que volver a su casa. Entonces al fin la familia le permite hacerse religioso Lasallista y toma el nombre de Hermano Miguel. Es transferido a Quito para que la familia no logre all\u00e1 en Cuenca atraerle mucho hacia la vida mundana.<\/p>\n<p>El trabajo del Hermano Miguel desde que entra a la comunidad hasta su muerte ser\u00e1 sumamente intenso y no conocer\u00e1 descanso ni tiempos perdidos en inutilidades. Dedicado de tiempo completo a ser \u00fatil a los dem\u00e1s, todas las horas del d\u00eda dando clase, ense\u00f1ando catecismo, atendiendo enfermos, estudiando idiomas (logra hablar cinco idiomas: alem\u00e1n, ingl\u00e9s, italiano, franc\u00e9s y lat\u00edn) y escribiendo libros.<\/p>\n<p>El hermano Miguel se ha convencido del enorme influjo que las buenas lecturas ejercen en las personas. Para muchos ser\u00e1 m\u00e1s provechoso leer un buen libro que escuchar un serm\u00f3n. Hay gentes a las cuales el Se\u00f1or Dios les quiere hablar por medio de una buena lectura, y all\u00ed en las p\u00e1ginas de un libro formativo les espera la gracia divina para transformarlas. Por eso nuestro santo se dedica con una actividad casi incre\u00edble a propagar libros formativos entre el pueblo.<\/p>\n<p>Es interesante constatar que el Hermano Miguel, sin haber hecho cursos especiales, s\u00f3lo con el propio esfuerzo por autoformarse y autoinstruirse, logra llegar a publicar m\u00e1s de cien libros en una naci\u00f3n peque\u00f1a como es Ecuador. Muchos de sus libros son adaptaciones de obras que hab\u00edan gustado en otros pa\u00edses. El estilo que nuestro hermano ten\u00eda para dar clases era muy ameno y agradable, y ese mismo estilo fue el que emple\u00f3 en los libros que public\u00f3. Por eso agradaban tanto a la gente sencilla.<\/p>\n<p>Fue admitido como socio en la Academia Ecuatoriana de la Lengua, y en la Academia de Venezuela, y en la de Francia. Pero m\u00e1s que estos honrosos t\u00edtulos mundanos, un t\u00edtulo que \u00e9l aprecia inmensamente es el &#8220;Preparador de ni\u00f1os a la Primera Comuni\u00f3n&#8221;. Por 26 a\u00f1os seguidos preparar\u00e1 tandas y tandas de ni\u00f1os cada uno a recibir la primera vez a Jes\u00fas en la Eucarist\u00eda. Y esa preparaci\u00f3n la recordar\u00e1n despu\u00e9s sus alumnos con gratitud y veneraci\u00f3n.<\/p>\n<p>En 1907 los Superiores Mayores de su congregaci\u00f3n lo invitan a que vaya a Europa a dirigir la publicaci\u00f3n de libros que la Comunidad repartir\u00e1 por muchos pa\u00edses. Se dirige a B\u00e9lgica, pero el clima de aquel pa\u00eds, con sus inviernos tan r\u00edgidos, le afecta la salud. Sin embargo, sigue trabajando fuertemente. Lo trasladas a Espa\u00f1a, donde el clima es m\u00e1s suave, y el 9 de febrero de 1910, atacado por una pulmon\u00eda, muere santamente.<\/p>\n<p>Los hermanos le comentan la gran falta que su prodigiosa actividad le va a hacer a su Congregaci\u00f3n, y \u00e9l les responde: &#8220;Otros lo har\u00e1n mejor que yo&#8221;, y recuerda aquel consejo de Jesucristo: &#8220;Cuando hay\u00e1is hecho lo que se os ha encomendado, decid: siervos in\u00fatiles somos. Solamente hicimos lo que ten\u00edamos el deber de hacer&#8221; (Luc. 17,10).<\/p>\n<p>Despu\u00e9s de su muerte empezaron a obtenerse milagros maravillosos por la intercesi\u00f3n del hermano Miguel, y el 21 de octubre de 1984 el Papa Juan Pablo II lo declar\u00f3 santo.<\/p>\n<p>San Miguel Febres Cordero: te rogamos por todos los que en el mundo se dedican a publicar, o a difundir buenas lecturas. Haz que a imitaci\u00f3n tuya nos gastemos y nos desgastemos por llevar a muchos otros ese mensaje salvador que es un libro religioso. Recu\u00e9rdanos a todos que leer peri\u00f3dicos es leer para olvidar, pero que leer un buen libro es leer para recordar. Y que abrir un libro espiritual es empezar a escuchar mensajes salvadores del Dios del cielo.<\/p>\n<p>Prop\u00f3sito: Recordar\u00e9 aquel consejo de San Alfonso de Ligorio: &#8220;En vez de hacer penitencia llevando cilicios o d\u00e1ndose azotes, un buen sacrificio que hace inmenso bien al alma consiste en esto: no dejar un d\u00eda sin leer alguna p\u00e1gina de un libro espiritual. Esto s\u00ed hace progresar el alma y lo lleva hacia la santidad.&#8221; \u00bfSer\u00e9 capaz de hacer un sacrificio tan provechoso? \u00a1Quiera Dios que s\u00ed logre hacerlo!.<\/p>\n<p>Fuente: EWTN<\/p>\n<p>&nbsp;<\/p>\n<!-- AddThis Advanced Settings generic via filter on the_content --><!-- AddThis Share Buttons generic via filter on the_content -->","protected":false},"excerpt":{"rendered":"<p>Miguel Febres Cordero\u00a0(a\u00f1o 1910) &#8211; Un santo ecuatoriano &#8211;\u00a0 Hermano Cristiano, Educador y Publicista.\u00a0El ni\u00f1o de pies deformes que lleg\u00f3 muy lejos. Cuando Miguel Febres [&hellip;]<!-- AddThis Advanced Settings generic via filter on get_the_excerpt --><!-- AddThis Share Buttons generic via filter on get_the_excerpt --><\/p>\n","protected":false},"author":2,"featured_media":11171,"comment_status":"open","ping_status":"open","sticky":false,"template":"","format":"standard","meta":{"footnotes":""},"categories":[166],"tags":[],"class_list":["post-11170","post","type-post","status-publish","format-standard","has-post-thumbnail","hentry","category-santoral"],"_links":{"self":[{"href":"https:\/\/obispadodezaratecampana.org\/index.php?rest_route=\/wp\/v2\/posts\/11170","targetHints":{"allow":["GET"]}}],"collection":[{"href":"https:\/\/obispadodezaratecampana.org\/index.php?rest_route=\/wp\/v2\/posts"}],"about":[{"href":"https:\/\/obispadodezaratecampana.org\/index.php?rest_route=\/wp\/v2\/types\/post"}],"author":[{"embeddable":true,"href":"https:\/\/obispadodezaratecampana.org\/index.php?rest_route=\/wp\/v2\/users\/2"}],"replies":[{"embeddable":true,"href":"https:\/\/obispadodezaratecampana.org\/index.php?rest_route=%2Fwp%2Fv2%2Fcomments&post=11170"}],"version-history":[{"count":1,"href":"https:\/\/obispadodezaratecampana.org\/index.php?rest_route=\/wp\/v2\/posts\/11170\/revisions"}],"predecessor-version":[{"id":11172,"href":"https:\/\/obispadodezaratecampana.org\/index.php?rest_route=\/wp\/v2\/posts\/11170\/revisions\/11172"}],"wp:featuredmedia":[{"embeddable":true,"href":"https:\/\/obispadodezaratecampana.org\/index.php?rest_route=\/wp\/v2\/media\/11171"}],"wp:attachment":[{"href":"https:\/\/obispadodezaratecampana.org\/index.php?rest_route=%2Fwp%2Fv2%2Fmedia&parent=11170"}],"wp:term":[{"taxonomy":"category","embeddable":true,"href":"https:\/\/obispadodezaratecampana.org\/index.php?rest_route=%2Fwp%2Fv2%2Fcategories&post=11170"},{"taxonomy":"post_tag","embeddable":true,"href":"https:\/\/obispadodezaratecampana.org\/index.php?rest_route=%2Fwp%2Fv2%2Ftags&post=11170"}],"curies":[{"name":"wp","href":"https:\/\/api.w.org\/{rel}","templated":true}]}}