{"id":11165,"date":"2016-03-02T11:59:20","date_gmt":"2016-03-02T14:59:20","guid":{"rendered":"http:\/\/obispadodezaratecampana.org\/?p=11165"},"modified":"2016-03-02T16:24:02","modified_gmt":"2016-03-02T19:24:02","slug":"convocatoria-ballet-de-jesus-mi-danza-una-alabanza","status":"publish","type":"post","link":"https:\/\/obispadodezaratecampana.org\/?p=11165","title":{"rendered":"Ballet de Jesus : &#8220;Mi danza, una alabanza&#8221;"},"content":{"rendered":"<p>Todos los mi\u00e9rcoles entre las 18 y 20: 30 hs se desarrollan los encuentros del &#8220;Ballet de Jesus&#8221;.<\/p>\n<p>La convocatoria es para todos aquellos: ni\u00f1os, j\u00f3venes y adultos que quieran participar de esta propuesta art\u00edstica y evangelizadora.<\/p>\n<p>Perfil de facebook para consultas:\u00a0<a title=\"ballet \" href=\"https:\/\/www.facebook.com\/ballet.dejesus?fref=ts\" target=\"_blank\">https:\/\/www.facebook.com\/ballet.dejesus?fref=ts<\/a><\/p>\n<p>Lugar: sal\u00f3n parroquial de la Cocatedral Natividad del Se\u00f1or, Escobar.<br \/>\n<img fetchpriority=\"high\" decoding=\"async\" class=\" wp-image-11266 aligncenter\" src=\"http:\/\/obispadodezaratecampana.org\/wp-content\/uploads\/2016\/02\/ballet-300x168.jpg\" alt=\"ballet\" width=\"403\" height=\"259\" \/><\/p>\n<!-- AddThis Advanced Settings generic via filter on the_content --><!-- AddThis Share Buttons generic via filter on the_content -->","protected":false},"excerpt":{"rendered":"<p>Todos los mi\u00e9rcoles entre las 18 y 20: 30 hs se desarrollan los encuentros del &#8220;Ballet de Jesus&#8221;. La convocatoria es para todos aquellos: ni\u00f1os, [&hellip;]<!-- AddThis Advanced Settings generic via filter on get_the_excerpt --><!-- AddThis Share Buttons generic via filter on get_the_excerpt --><\/p>\n","protected":false},"author":2,"featured_media":11166,"comment_status":"open","ping_status":"open","sticky":false,"template":"","format":"standard","meta":{"footnotes":""},"categories":[4],"tags":[],"class_list":["post-11165","post","type-post","status-publish","format-standard","has-post-thumbnail","hentry","category-movimientosinstituciones"],"_links":{"self":[{"href":"https:\/\/obispadodezaratecampana.org\/index.php?rest_route=\/wp\/v2\/posts\/11165","targetHints":{"allow":["GET"]}}],"collection":[{"href":"https:\/\/obispadodezaratecampana.org\/index.php?rest_route=\/wp\/v2\/posts"}],"about":[{"href":"https:\/\/obispadodezaratecampana.org\/index.php?rest_route=\/wp\/v2\/types\/post"}],"author":[{"embeddable":true,"href":"https:\/\/obispadodezaratecampana.org\/index.php?rest_route=\/wp\/v2\/users\/2"}],"replies":[{"embeddable":true,"href":"https:\/\/obispadodezaratecampana.org\/index.php?rest_route=%2Fwp%2Fv2%2Fcomments&post=11165"}],"version-history":[{"count":4,"href":"https:\/\/obispadodezaratecampana.org\/index.php?rest_route=\/wp\/v2\/posts\/11165\/revisions"}],"predecessor-version":[{"id":11267,"href":"https:\/\/obispadodezaratecampana.org\/index.php?rest_route=\/wp\/v2\/posts\/11165\/revisions\/11267"}],"wp:featuredmedia":[{"embeddable":true,"href":"https:\/\/obispadodezaratecampana.org\/index.php?rest_route=\/wp\/v2\/media\/11166"}],"wp:attachment":[{"href":"https:\/\/obispadodezaratecampana.org\/index.php?rest_route=%2Fwp%2Fv2%2Fmedia&parent=11165"}],"wp:term":[{"taxonomy":"category","embeddable":true,"href":"https:\/\/obispadodezaratecampana.org\/index.php?rest_route=%2Fwp%2Fv2%2Fcategories&post=11165"},{"taxonomy":"post_tag","embeddable":true,"href":"https:\/\/obispadodezaratecampana.org\/index.php?rest_route=%2Fwp%2Fv2%2Ftags&post=11165"}],"curies":[{"name":"wp","href":"https:\/\/api.w.org\/{rel}","templated":true}]}}