{"id":10969,"date":"2015-12-23T09:25:21","date_gmt":"2015-12-23T12:25:21","guid":{"rendered":"http:\/\/obispadodezaratecampana.org\/?p=10969"},"modified":"2015-12-23T09:25:21","modified_gmt":"2015-12-23T12:25:21","slug":"saludo-navideno-equipos-diocesanos-de-comunicacion-social-region-platense","status":"publish","type":"post","link":"https:\/\/obispadodezaratecampana.org\/?p=10969","title":{"rendered":"Saludo Navide\u00f1o : Equipos Diocesanos de Comunicaci\u00f3n Social &#8211; Regi\u00f3n Platense"},"content":{"rendered":"<p><span style=\"color: rgb(0, 0, 128);\">Queridos lectores: compartimos el saludo Navide\u00f1o de los Equipos Diocesanos de Comunicaci\u00f3n Social de la Regi\u00f3n Platense, de la cual forma parte nuestra di\u00f3cesis de Z\u00e1rate &#8211; Campana.\u00a0<\/span><span style=\"color: #000080;\">Las di\u00f3cesis que conforman esta regi\u00f3n son: 9 de Julio, Azul, Chascom\u00fas, La Plata, Mar del Plata, Mercedes- Luj\u00e1n, Santa Rosa- La Pampa y Z\u00e1rate &#8211; Campan<\/span><em><span style=\"color: #000080;\">a.\u00a0<\/span><\/em><\/p>\n<h3 style=\"text-align: center;\"><em><span style=\"color: #0000ff;\"><strong>\u00a1 Feliz y Bendecida Navidad ! Saludo de los Equipos Diocesanos de Comunicaci\u00f3n Social,\u00a0Regi\u00f3n\u00a0Platense\u00a0<\/strong><\/span><\/em><\/h3>\n<h3 style=\"text-align: center;\"><span style=\"color: rgb(0, 0, 255);\"><em>&#8220;Cuando nos damos cuenta que Dios est\u00e1 enamorado de nuestra peque\u00f1ez , que el mismo se hace peque\u00f1o para propiciar el encuentro con nosotros, no podemos no abrir nuestro coraz\u00f3n y suplicarle: &#8221; Se\u00f1or, ay\u00fadame a ser como tu, dame la gracia de la ternura (&#8230;), de la cercan\u00eda en las necesidades de los dem\u00e1s, de la humildad en cualquier conflicto.&#8221; Papa Francisco\u00a0<\/em><\/span><\/h3>\n<p style=\"text-align: center;\"><a href=\"http:\/\/obispadodezaratecampana.org\/wp-content\/uploads\/2015\/12\/10604583_889150261202906_2972135199321469244_o.jpg\"><img fetchpriority=\"high\" decoding=\"async\" class=\"alignnone  wp-image-10970\" src=\"http:\/\/obispadodezaratecampana.org\/wp-content\/uploads\/2015\/12\/10604583_889150261202906_2972135199321469244_o-300x251.jpg\" alt=\"10604583_889150261202906_2972135199321469244_o\" width=\"460\" height=\"324\" \/><\/a><\/p>\n<p>&nbsp;<\/p>\n<!-- AddThis Advanced Settings generic via filter on the_content --><!-- AddThis Share Buttons generic via filter on the_content -->","protected":false},"excerpt":{"rendered":"<p>Queridos lectores: compartimos el saludo Navide\u00f1o de los Equipos Diocesanos de Comunicaci\u00f3n Social de la Regi\u00f3n Platense, de la cual forma parte nuestra di\u00f3cesis de [&hellip;]<!-- AddThis Advanced Settings generic via filter on get_the_excerpt --><!-- AddThis Share Buttons generic via filter on get_the_excerpt --><\/p>\n","protected":false},"author":2,"featured_media":10970,"comment_status":"open","ping_status":"open","sticky":false,"template":"","format":"standard","meta":{"footnotes":""},"categories":[1],"tags":[],"class_list":["post-10969","post","type-post","status-publish","format-standard","has-post-thumbnail","hentry","category-noticiasdiocesanas"],"_links":{"self":[{"href":"https:\/\/obispadodezaratecampana.org\/index.php?rest_route=\/wp\/v2\/posts\/10969","targetHints":{"allow":["GET"]}}],"collection":[{"href":"https:\/\/obispadodezaratecampana.org\/index.php?rest_route=\/wp\/v2\/posts"}],"about":[{"href":"https:\/\/obispadodezaratecampana.org\/index.php?rest_route=\/wp\/v2\/types\/post"}],"author":[{"embeddable":true,"href":"https:\/\/obispadodezaratecampana.org\/index.php?rest_route=\/wp\/v2\/users\/2"}],"replies":[{"embeddable":true,"href":"https:\/\/obispadodezaratecampana.org\/index.php?rest_route=%2Fwp%2Fv2%2Fcomments&post=10969"}],"version-history":[{"count":1,"href":"https:\/\/obispadodezaratecampana.org\/index.php?rest_route=\/wp\/v2\/posts\/10969\/revisions"}],"predecessor-version":[{"id":10971,"href":"https:\/\/obispadodezaratecampana.org\/index.php?rest_route=\/wp\/v2\/posts\/10969\/revisions\/10971"}],"wp:featuredmedia":[{"embeddable":true,"href":"https:\/\/obispadodezaratecampana.org\/index.php?rest_route=\/wp\/v2\/media\/10970"}],"wp:attachment":[{"href":"https:\/\/obispadodezaratecampana.org\/index.php?rest_route=%2Fwp%2Fv2%2Fmedia&parent=10969"}],"wp:term":[{"taxonomy":"category","embeddable":true,"href":"https:\/\/obispadodezaratecampana.org\/index.php?rest_route=%2Fwp%2Fv2%2Fcategories&post=10969"},{"taxonomy":"post_tag","embeddable":true,"href":"https:\/\/obispadodezaratecampana.org\/index.php?rest_route=%2Fwp%2Fv2%2Ftags&post=10969"}],"curies":[{"name":"wp","href":"https:\/\/api.w.org\/{rel}","templated":true}]}}