{"id":10952,"date":"2015-12-21T12:37:03","date_gmt":"2015-12-21T15:37:03","guid":{"rendered":"http:\/\/obispadodezaratecampana.org\/?p=10952"},"modified":"2015-12-21T15:44:01","modified_gmt":"2015-12-21T18:44:01","slug":"21-de-diciembre-aniversario-de-ordenacion-episcopal-de-mons-pedro","status":"publish","type":"post","link":"https:\/\/obispadodezaratecampana.org\/?p=10952","title":{"rendered":"21 de diciembre: Aniversario de Ordenaci\u00f3n Episcopal de Mons. Pedro"},"content":{"rendered":"<p><img fetchpriority=\"high\" decoding=\"async\" class=\" wp-image-10953 aligncenter\" src=\"http:\/\/obispadodezaratecampana.org\/wp-content\/uploads\/2015\/12\/PEDRO-300x187.jpg\" alt=\"PEDRO\" width=\"456\" height=\"325\" \/><\/p>\n<p><strong>21 de diciembre del a\u00f1o 2006: Mons Pedro fue ordenado Obispo Auxiliar de Bah\u00eda Blanca<\/strong><\/p>\n<p>El 21 de diciembre de 2006 fue ordenado Obispo Auxiliar en un acto multitudinario celebrado en el estadio de b\u00e1squet del Club Villa Mitre, de Bah\u00eda Blanca.<\/p>\n<p>Fue obispo consagrante monse\u00f1or Guillermo Jos\u00e9 Garlatti, arzobispo de Bah\u00eda Blanca, y coconsagrantes su hermano monse\u00f1or Esteban Mar\u00eda Laxague SDB, obispo de Viedma; monse\u00f1or N\u00e9stor Hugo Navarro, obispo de Alto Valle del R\u00edo Negro, y el arzobispo em\u00e9rito de Bah\u00eda Blanca, monse\u00f1or Jorge Mayer, que lo hab\u00eda ordenado di\u00e1cono y sacerdote.<\/p>\n<p>Fuente: AICA<\/p>\n<p><img decoding=\"async\" class=\" wp-image-10963 aligncenter\" src=\"http:\/\/obispadodezaratecampana.org\/wp-content\/uploads\/2015\/12\/pastoral-300x211.jpg\" alt=\"pastoral\" width=\"421\" height=\"296\" srcset=\"https:\/\/obispadodezaratecampana.org\/wp-content\/uploads\/2015\/12\/pastoral-300x211.jpg 300w, https:\/\/obispadodezaratecampana.org\/wp-content\/uploads\/2015\/12\/pastoral-1024x723.jpg 1024w, https:\/\/obispadodezaratecampana.org\/wp-content\/uploads\/2015\/12\/pastoral.jpg 2048w\" sizes=\"(max-width: 421px) 100vw, 421px\" \/><\/p>\n<p>&nbsp;<\/p>\n<p>&nbsp;<\/p>\n<!-- AddThis Advanced Settings generic via filter on the_content --><!-- AddThis Share Buttons generic via filter on the_content -->","protected":false},"excerpt":{"rendered":"<p>21 de diciembre del a\u00f1o 2006: Mons Pedro fue ordenado Obispo Auxiliar de Bah\u00eda Blanca El 21 de diciembre de 2006 fue ordenado Obispo Auxiliar [&hellip;]<!-- AddThis Advanced Settings generic via filter on get_the_excerpt --><!-- AddThis Share Buttons generic via filter on get_the_excerpt --><\/p>\n","protected":false},"author":2,"featured_media":10953,"comment_status":"open","ping_status":"open","sticky":false,"template":"","format":"standard","meta":{"footnotes":""},"categories":[1],"tags":[],"class_list":["post-10952","post","type-post","status-publish","format-standard","has-post-thumbnail","hentry","category-noticiasdiocesanas"],"_links":{"self":[{"href":"https:\/\/obispadodezaratecampana.org\/index.php?rest_route=\/wp\/v2\/posts\/10952","targetHints":{"allow":["GET"]}}],"collection":[{"href":"https:\/\/obispadodezaratecampana.org\/index.php?rest_route=\/wp\/v2\/posts"}],"about":[{"href":"https:\/\/obispadodezaratecampana.org\/index.php?rest_route=\/wp\/v2\/types\/post"}],"author":[{"embeddable":true,"href":"https:\/\/obispadodezaratecampana.org\/index.php?rest_route=\/wp\/v2\/users\/2"}],"replies":[{"embeddable":true,"href":"https:\/\/obispadodezaratecampana.org\/index.php?rest_route=%2Fwp%2Fv2%2Fcomments&post=10952"}],"version-history":[{"count":3,"href":"https:\/\/obispadodezaratecampana.org\/index.php?rest_route=\/wp\/v2\/posts\/10952\/revisions"}],"predecessor-version":[{"id":10964,"href":"https:\/\/obispadodezaratecampana.org\/index.php?rest_route=\/wp\/v2\/posts\/10952\/revisions\/10964"}],"wp:featuredmedia":[{"embeddable":true,"href":"https:\/\/obispadodezaratecampana.org\/index.php?rest_route=\/wp\/v2\/media\/10953"}],"wp:attachment":[{"href":"https:\/\/obispadodezaratecampana.org\/index.php?rest_route=%2Fwp%2Fv2%2Fmedia&parent=10952"}],"wp:term":[{"taxonomy":"category","embeddable":true,"href":"https:\/\/obispadodezaratecampana.org\/index.php?rest_route=%2Fwp%2Fv2%2Fcategories&post=10952"},{"taxonomy":"post_tag","embeddable":true,"href":"https:\/\/obispadodezaratecampana.org\/index.php?rest_route=%2Fwp%2Fv2%2Ftags&post=10952"}],"curies":[{"name":"wp","href":"https:\/\/api.w.org\/{rel}","templated":true}]}}