{"id":10948,"date":"2015-12-20T10:02:22","date_gmt":"2015-12-20T13:02:22","guid":{"rendered":"http:\/\/obispadodezaratecampana.org\/?p=10948"},"modified":"2015-12-20T10:02:22","modified_gmt":"2015-12-20T13:02:22","slug":"asumio-mons-pedro-laxague-como-obispo-de-zarate-campana","status":"publish","type":"post","link":"https:\/\/obispadodezaratecampana.org\/?p=10948","title":{"rendered":"Asumi\u00f3 Mons. Pedro Laxague como obispo de Z\u00e1rate &#8211; Campana"},"content":{"rendered":"<p>El s\u00e1bado 19 de diciembre Mons. Pedro Laxague asumi\u00f3 como nuevo obispo diocesano en una misa celebrada en la plaza frente a la Catedral Santa Florentina en Campana. Ante la presencia de autoridades provinciales y municipales inici\u00f3 su ministerio episcopal el obispo nacido en Coronel Pringles, provincia de Buenos Aires. Tambi\u00e9n participaron 25 obispos de todo el pa\u00eds, sacerdotes de la di\u00f3cesis y una importante cantidad de fieles que llenaron la plaza de Campana.<\/p>\n<p>La misa comenz\u00f3 con la lectura de las autoridades presentes, entre otros el secretario general de la gobernaci\u00f3n de la provincia, Lic. Fabi\u00e1n Perechodnik, y por parte de la direcci\u00f3n provincial de culto, el Dr. Gustavo Baz\u00e1n. Ellos hicieron llegar a Mons. Pedro Laxague el saludo de la Sra. gobernadora de la provincia de Buenos Aires, Mar\u00eda Eugenia Vidal. Luego llegaron en procesi\u00f3n el arzobispo de La Plata, Mons. H\u00e9ctor Aguer, y el obispo electo de Z\u00e1rate \u2013 Campana, Mons. Pedro Laxague, acompa\u00f1ados de obispos, sacerdotes, di\u00e1conos y seminaristas. A continuaci\u00f3n se ley\u00f3 el nombramiento del nuevo obispo diocesano por parte del Papa Francisco. Luego, como lo indica el protocolo, el arzobispo de La Plata entreg\u00f3 los signos episcopales (la sede y el b\u00e1culo) al nuevo obispo de Z\u00e1rate \u2013 Campana, inici\u00e1ndose de \u00e9sta manera su ministerio.<\/p>\n<p>En una homil\u00eda breve pero intensa, Mons. Laxague se refiri\u00f3 a la primera lectura, en la que el profeta anuncia que Jes\u00fas &#8216;los mantendr\u00e1 de pie&#8217;. &#8220;Este Obispo que les toc\u00f3, hoy delante de ustedes, viene para que est\u00e9n tranquilos. (&#8230;) Dios aqu\u00ed estoy, yo vengo para hacer tu voluntad. Cr\u00e9anme, que hace un tiempo me da vueltas esta frase. El Se\u00f1or pide que yo me ponga entero de pie con ustedes, para caminar juntos. No vengo a sentarme, vengo a salir, dar mi vida aqu\u00ed. Hoy quiero darme a ustedes: &#8216;sal de tu tierra Abraham&#8217;. Dej\u00e9 un sector de la Iglesia, y vengo a \u00e9ste sector; vengo sin nada pero estoy entero para ustedes, recu\u00e9rdenmelo. Vengo ac\u00e1 a sumarme, a escucharlos, a estar cerca. Somos todos iguales a los ojos de Dios. Lo importante es que pongamos nuestra vida de pie, saliendo al encuentro de nuestros hermanos&#8221;, reflexion\u00f3. El nuevo Obispo agradeci\u00f3 la presencia de todos los sacerdotes y religiosas que lo acompa\u00f1aron, &#8220;ellos vienen por ustedes&#8221;, en especial la del Arzobispo de La Plara Mons. H\u00e9ctor Aguer, la del Nuncio Apost\u00f3lico en Argentina Mons. Emil Paul Tscherrig, quien representa al Papa Francisco, y finalmente la del Cardenal Primado Mons. Mario Poli. Tambi\u00e9n hizo una particular menci\u00f3n al Padre Justo, quien estuvo como administrador diocesano mientras se esperaba la asunci\u00f3n del nuevo obispo. &#8220;Cuando el Papa me encomend\u00f3 esta misi\u00f3n especial, no me dijo d\u00f3nde iba a ir. Se me cruz\u00f3 por la mente en la noche del S\u00ednodo de la familia que ven\u00eda a Z\u00e1rate-Campana, y yo no sab\u00eda nada. A\u00fan no s\u00e9 nada, y no me interesa, vengo a escuchar. Vengo como pastor&#8221;. Asimismo, pidi\u00f3 rezar por aquellos tres obispos que lo precedieron; &#8220;vamos a rezar mucho por ellos. Recen tambi\u00e9n por el de ahora, Dios los bendiga a todos&#8221;, cerr\u00f3.<\/p>\n<p>Al finalizar la misa el flamante obispo de Z\u00e1rate \u2013 Campana se reuni\u00f3 brevemente con los periodistas, con los que tuvo palabras de aliento para las ciudades de la di\u00f3cesis, y con motivo de la Navidad alent\u00f3 a que &#8220;caminemos juntos, que estemos juntos en torno a Jes\u00fas como \u00c9l nos pidi\u00f3, (&#8230;) preocuparnos por el que tenemos cerca, no pasar delante de nadie, siempre estar atento al pr\u00f3jimo, animar y animarnos, contagiar la alegr\u00eda de Dios, (&#8230;) estar unidos&#8221;. Prometi\u00f3 visitar las ciudades de la di\u00f3cesis y ayudar a las autoridades; &#8220;estar cerca, es lo que nos pidi\u00f3 Jes\u00fas&#8221;. Por \u00faltimo se comparti\u00f3 un \u00e1gape con todos los presentes en una de las avenidas lindantes con la Catedral.<\/p>\n<p>&nbsp;<\/p>\n<p><a href=\"https:\/\/www.facebook.com\/obispadozc\/\" target=\"_blank\">Mas im\u00e1genes aqu\u00ed<\/a><\/p>\n<!-- AddThis Advanced Settings generic via filter on the_content --><!-- AddThis Share Buttons generic via filter on the_content -->","protected":false},"excerpt":{"rendered":"<p>El s\u00e1bado 19 de diciembre Mons. Pedro Laxague asumi\u00f3 como nuevo obispo diocesano en una misa celebrada en la plaza frente a la Catedral Santa [&hellip;]<!-- AddThis Advanced Settings generic via filter on get_the_excerpt --><!-- AddThis Share Buttons generic via filter on get_the_excerpt --><\/p>\n","protected":false},"author":1,"featured_media":10949,"comment_status":"open","ping_status":"open","sticky":false,"template":"","format":"standard","meta":{"footnotes":""},"categories":[1],"tags":[],"class_list":["post-10948","post","type-post","status-publish","format-standard","has-post-thumbnail","hentry","category-noticiasdiocesanas"],"_links":{"self":[{"href":"https:\/\/obispadodezaratecampana.org\/index.php?rest_route=\/wp\/v2\/posts\/10948","targetHints":{"allow":["GET"]}}],"collection":[{"href":"https:\/\/obispadodezaratecampana.org\/index.php?rest_route=\/wp\/v2\/posts"}],"about":[{"href":"https:\/\/obispadodezaratecampana.org\/index.php?rest_route=\/wp\/v2\/types\/post"}],"author":[{"embeddable":true,"href":"https:\/\/obispadodezaratecampana.org\/index.php?rest_route=\/wp\/v2\/users\/1"}],"replies":[{"embeddable":true,"href":"https:\/\/obispadodezaratecampana.org\/index.php?rest_route=%2Fwp%2Fv2%2Fcomments&post=10948"}],"version-history":[{"count":1,"href":"https:\/\/obispadodezaratecampana.org\/index.php?rest_route=\/wp\/v2\/posts\/10948\/revisions"}],"predecessor-version":[{"id":10950,"href":"https:\/\/obispadodezaratecampana.org\/index.php?rest_route=\/wp\/v2\/posts\/10948\/revisions\/10950"}],"wp:featuredmedia":[{"embeddable":true,"href":"https:\/\/obispadodezaratecampana.org\/index.php?rest_route=\/wp\/v2\/media\/10949"}],"wp:attachment":[{"href":"https:\/\/obispadodezaratecampana.org\/index.php?rest_route=%2Fwp%2Fv2%2Fmedia&parent=10948"}],"wp:term":[{"taxonomy":"category","embeddable":true,"href":"https:\/\/obispadodezaratecampana.org\/index.php?rest_route=%2Fwp%2Fv2%2Fcategories&post=10948"},{"taxonomy":"post_tag","embeddable":true,"href":"https:\/\/obispadodezaratecampana.org\/index.php?rest_route=%2Fwp%2Fv2%2Ftags&post=10948"}],"curies":[{"name":"wp","href":"https:\/\/api.w.org\/{rel}","templated":true}]}}