{"id":10935,"date":"2015-12-18T10:12:24","date_gmt":"2015-12-18T13:12:24","guid":{"rendered":"http:\/\/obispadodezaratecampana.org\/?p=10935"},"modified":"2015-12-20T12:12:22","modified_gmt":"2015-12-20T15:12:22","slug":"informacion-para-la-prensa-acerca-de-mons-pedro-laxague","status":"publish","type":"post","link":"https:\/\/obispadodezaratecampana.org\/?p=10935","title":{"rendered":"Informaci\u00f3n para la prensa acerca de Mons. Pedro Laxague"},"content":{"rendered":"<h3>Mons. Pedro Mar\u00eda Laxague asumi\u00f3 como nuevo obispo de la di\u00f3cesis de Z\u00e1rate &#8211; Campana<\/h3>\n<p>El s\u00e1bado 19 de diciembre Mons. Pedro Laxague asumi\u00f3 como nuevo obispo diocesano en una misa celebrada en la plaza frente a la Catedral Santa Florentina en Campana. Ante la presencia de autoridades provinciales y municipales inici\u00f3 su ministerio episcopal el obispo nacido en Coronel Pringles, provincia de Buenos Aires. Tambi\u00e9n participaron 25 obispos de todo el pa\u00eds, sacerdotes de la di\u00f3cesis y una importante cantidad de fieles que llenaron la plaza de Campana. La misa comenz\u00f3 con la lectura de las autoridades presentes, entre otros el secretario general de la gobernaci\u00f3n de la provincia, Lic. Fabi\u00e1n Perechodnik, y por parte de la direcci\u00f3n provincial de culto, el Dr. Gustavo Baz\u00e1n. Ellos hicieron llegar a Mons. Pedro Laxague el saludo de la Sra. gobernadora de la provincia de Buenos Aires, Mar\u00eda Eugenia Vidal. Luego llegaron en procesi\u00f3n el arzobispo de La Plata, Mons. H\u00e9ctor Aguer, y el obispo electo de Z\u00e1rate \u2013 Campana, Mons. Pedro Laxague, acompa\u00f1ados de obispos, sacerdotes, di\u00e1conos y seminaristas. A continuaci\u00f3n se ley\u00f3 el nombramiento del nuevo obispo diocesano por parte del Papa Francisco. Luego, como lo indica el protocolo, el arzobispo de La Plata entreg\u00f3 los signos episcopales (la sede y el b\u00e1culo) al nuevo obispo de Z\u00e1rate \u2013 Campana, inici\u00e1ndose de \u00e9sta manera su ministerio. En una homil\u00eda breve pero intensa, Mons. Laxague se refiri\u00f3 a la primera lectura, en la que el profeta anuncia que Jes\u00fas &#8216;los mantendr\u00e1 de pie&#8217;. &#8220;Este Obispo que les toc\u00f3, hoy delante de ustedes, viene para que est\u00e9n tranquilos. (&#8230;) Dios aqu\u00ed estoy, yo vengo para hacer tu voluntad. Cr\u00e9anme, que hace un tiempo me da vueltas esta frase. El Se\u00f1or pide que yo me ponga entero de pie con ustedes, para caminar juntos. No vengo a sentarme, vengo a salir, dar mi vida aqu\u00ed. Hoy quiero darme a ustedes: &#8216;sal de tu tierra Abraham&#8217;. Dej\u00e9 un sector de la Iglesia, y vengo a \u00e9ste sector; vengo sin nada pero estoy entero para ustedes, recu\u00e9rdenmelo. Vengo ac\u00e1 a sumarme, a escucharlos, a estar cerca. Somos todos iguales a los ojos de Dios. Lo importante es que pongamos nuestra vida de pie, saliendo al encuentro de nuestros hermanos&#8221;, reflexion\u00f3. El nuevo Obispo agradeci\u00f3 la presencia de todos los sacerdotes y religiosas que lo acompa\u00f1aron, &#8220;ellos vienen por ustedes&#8221;, en especial la del Arzobispo de La Plara Mons. H\u00e9ctor Aguer, la del Nuncio Apost\u00f3lico en Argentina Mons. Emil Paul Tscherrig, quien representa al Papa Francisco, y finalmente la del Cardenal Primado Mons. Mario Poli. Tambi\u00e9n hizo una particular menci\u00f3n al Padre Justo, quien estuvo como administrador diocesano mientras se esperaba la asunci\u00f3n del nuevo obispo. &#8220;Cuando el Papa me encomend\u00f3 esta misi\u00f3n especial, no me dijo d\u00f3nde iba a ir. Se me cruz\u00f3 por la mente en la noche del S\u00ednodo de la familia que ven\u00eda a Z\u00e1rate-Campana, y yo no sab\u00eda nada. A\u00fan no s\u00e9 nada, y no me interesa, vengo a escuchar. Vengo como pastor&#8221;. Asimismo, pidi\u00f3 rezar por aquellos tres obispos que lo precedieron; &#8220;vamos a rezar mucho por ellos. Recen tambi\u00e9n por el de ahora, Dios los bendiga a todos&#8221;, cerr\u00f3. Al finalizar la misa el flamante obispo de Z\u00e1rate \u2013 Campana se reuni\u00f3 brevemente con los periodistas, con los que tuvo palabras de aliento para las ciudades de la di\u00f3cesis, y con motivo de la Navidad alent\u00f3 a que &#8220;caminemos juntos, que estemos juntos en torno a Jes\u00fas como \u00c9l nos pidi\u00f3, (&#8230;) preocuparnos por el que tenemos cerca, no pasar delante de nadie, siempre estar atento al pr\u00f3jimo, animar y animarnos, contagiar la alegr\u00eda de Dios, (&#8230;) estar unidos&#8221;. Prometi\u00f3 visitar las ciudades de la di\u00f3cesis y ayudar a las autoridades; &#8220;estar cerca, es lo que nos pidi\u00f3 Jes\u00fas&#8221;. Por \u00faltimo se comparti\u00f3 un \u00e1gape con todos los presentes en una de las avenidas lindantes con la Catedral. \u00a0 <a href=\"http:\/\/obispadodezaratecampana.org\/?p=10914\" target=\"_blank\">Ver explicaci\u00f3n del escudo y lema episcopal aqu\u00ed.<\/a><\/p>\n<p><a href=\"https:\/\/www.facebook.com\/obispadozc\/\" target=\"_blank\">Mas fotos aqu\u00ed\u00a0<\/a><\/p>\n<p><a href=\"https:\/\/drive.google.com\/file\/d\/0B2mK06OMQDazOXhjb25IdjdLN1U\/view?usp=sharing\" target=\"_blank\">Descargar fotos en \u00f3ptima calidad<\/a><\/p>\n<p>Video realizado con drone:<\/p>\n<p><a style=\"color: #1155cc;\" href=\"https:\/\/drive.google.com\/file\/d\/0B2mK06OMQDazRzE5TnlISHlyamM\/view?usp=sharing\" target=\"_blank\">https:\/\/drive.google.com\/file\/<wbr \/>d\/<wbr \/>0B2mK06OMQDazRzE5TnlISHlyamM\/<wbr \/>view?usp=sharing<\/a><\/p>\n<div style=\"color: #222222;\"><a style=\"color: #1155cc;\" href=\"https:\/\/drive.google.com\/file\/d\/0B2mK06OMQDazaVI1MTNtTTRpUGc\/view?usp=sharing\" target=\"_blank\">https:\/\/drive.google.com\/file\/<wbr \/>d\/<wbr \/>0B2mK06OMQDazaVI1MTNtTTRpUGc\/<wbr \/>view?usp=sharing<\/a><\/div>\n<h4>Mons. Pedro Mar\u00eda Laxague<\/h4>\n<p>Naci\u00f3 en Coronel Pringles, provincia de Buenos Aires, Argentina, el 4 de septiembre de 1952, y fue bautizado el 5 de septiembre de 1952 en la iglesia Santa Rosa de Lima de Coronel Pringles. Sexto de diecinueve hermanos, fue su padre Andr\u00e9s Laxague, nacido en Francia, y es su madre Elisabeth de Larminat, tambi\u00e9n de familia francesa. Realiz\u00f3 sus estudios primarios y parte de los secundarios en el Colegio Salesiano \u201cSan Pedro\u201d de Fort\u00edn Mercedes. Complet\u00f3 el Bachillerato en el Colegio Don Bosco, de Bah\u00eda Blanca. Hizo sus estudios universitarios en la Universidad Nacional del Sur de Bah\u00eda Blanca, de donde egres\u00f3 con t\u00edtulo de Ingeniero Civil. Su ordenaci\u00f3n sacerdotal fue el 15 de julio de 1989 en la parroquia Santa Rosa de Lima de Coronel Pringles, por el Arzobispo de Bah\u00eda Blanca, Monse\u00f1or Jorge Mayer. El 2 de septiembre de 2004 fue nombrado Vicario General de la Arquidi\u00f3cesis de Bah\u00eda Blanca por el actual Arzobispo, Mons. Guillermo Jos\u00e9 Garlatti. El 14 de noviembre de 2006 el Papa Benedicto XVI lo design\u00f3 Obispo Titular de Castra Severiana y Auxiliar de Bah\u00eda Blanca. Recibi\u00f3 la Ordenaci\u00f3n episcopal el 21 de diciembre de 2006 en Bah\u00eda Blanca de manos del Arzobispo, Monse\u00f1or Guillermo Jos\u00e9 Garlatti. En 2014, conservando sus funciones como Obispo Auxiliar y Vicario General, fue nombrado p\u00e1rroco de Mar\u00eda Auxiliadora de Punta Alta. Ha asistido anteriormente a varias Parroquias de la Arquidi\u00f3cesis como Administrador Parroquial o Encargado de la Parroquia supliendo en diversos momentos la ausencia de clero de la Arquidi\u00f3cesis. En 1997 particip\u00f3 de II Encuentro Mundial de Familias que se realiz\u00f3 en R\u00edo de Janeiro, Brasil. En 2012 particip\u00f3 del VI Encuentro Mundial de Familias en Mil\u00e1n, Italia. Asimismo en 2015 asisti\u00f3 al VIII Encuentro Mundial de Familias que tuvo lugar en Filadelfia, Estados Unidos. Es Presidente de la Comisi\u00f3n Episcopal de Apostolado Laico y Pastoral Familiar (CELAF). Fue designado Padre Sinodal para el S\u00ednodo de la Familia que se realiz\u00f3 en el Vaticano durante el mes de octubre de 2015. Nombrado Obispo Titular de la Di\u00f3cesis de Z\u00e1rate-Campana por el Santo Padre Francisco el 3 de Noviembre de 2015.<\/p>\n<!-- AddThis Advanced Settings generic via filter on the_content --><!-- AddThis Share Buttons generic via filter on the_content -->","protected":false},"excerpt":{"rendered":"<p>Mons. Pedro Mar\u00eda Laxague asumi\u00f3 como nuevo obispo de la di\u00f3cesis de Z\u00e1rate &#8211; Campana El s\u00e1bado 19 de diciembre Mons. Pedro Laxague asumi\u00f3 como [&hellip;]<!-- AddThis Advanced Settings generic via filter on get_the_excerpt --><!-- AddThis Share Buttons generic via filter on get_the_excerpt --><\/p>\n","protected":false},"author":1,"featured_media":10940,"comment_status":"open","ping_status":"open","sticky":false,"template":"","format":"standard","meta":{"footnotes":""},"categories":[1],"tags":[],"class_list":["post-10935","post","type-post","status-publish","format-standard","has-post-thumbnail","hentry","category-noticiasdiocesanas"],"_links":{"self":[{"href":"https:\/\/obispadodezaratecampana.org\/index.php?rest_route=\/wp\/v2\/posts\/10935","targetHints":{"allow":["GET"]}}],"collection":[{"href":"https:\/\/obispadodezaratecampana.org\/index.php?rest_route=\/wp\/v2\/posts"}],"about":[{"href":"https:\/\/obispadodezaratecampana.org\/index.php?rest_route=\/wp\/v2\/types\/post"}],"author":[{"embeddable":true,"href":"https:\/\/obispadodezaratecampana.org\/index.php?rest_route=\/wp\/v2\/users\/1"}],"replies":[{"embeddable":true,"href":"https:\/\/obispadodezaratecampana.org\/index.php?rest_route=%2Fwp%2Fv2%2Fcomments&post=10935"}],"version-history":[{"count":10,"href":"https:\/\/obispadodezaratecampana.org\/index.php?rest_route=\/wp\/v2\/posts\/10935\/revisions"}],"predecessor-version":[{"id":10951,"href":"https:\/\/obispadodezaratecampana.org\/index.php?rest_route=\/wp\/v2\/posts\/10935\/revisions\/10951"}],"wp:featuredmedia":[{"embeddable":true,"href":"https:\/\/obispadodezaratecampana.org\/index.php?rest_route=\/wp\/v2\/media\/10940"}],"wp:attachment":[{"href":"https:\/\/obispadodezaratecampana.org\/index.php?rest_route=%2Fwp%2Fv2%2Fmedia&parent=10935"}],"wp:term":[{"taxonomy":"category","embeddable":true,"href":"https:\/\/obispadodezaratecampana.org\/index.php?rest_route=%2Fwp%2Fv2%2Fcategories&post=10935"},{"taxonomy":"post_tag","embeddable":true,"href":"https:\/\/obispadodezaratecampana.org\/index.php?rest_route=%2Fwp%2Fv2%2Ftags&post=10935"}],"curies":[{"name":"wp","href":"https:\/\/api.w.org\/{rel}","templated":true}]}}