{"id":10926,"date":"2015-12-09T20:15:19","date_gmt":"2015-12-09T23:15:19","guid":{"rendered":"http:\/\/obispadodezaratecampana.org\/?p=10926"},"modified":"2015-12-24T21:17:47","modified_gmt":"2015-12-25T00:17:47","slug":"26-y-27-del-2015-do-de-vi-2015-un-fin-de-semana-unico-con-amigos-en-cristo","status":"publish","type":"post","link":"https:\/\/obispadodezaratecampana.org\/?p=10926","title":{"rendered":"26 y 27 del 2015 :::: CO. de VI 2015 &#8220;Un fin de semana \u00fanico, con amigos en Cristo&#8221;"},"content":{"rendered":"<p>Perfil de facebook del Movimiento de Partida de Z\u00e1rate- Campana, para que puedan consultar y participar de este tradicional retiro que se organiza todos los a\u00f1os:<a title=\"partida\" href=\"https:\/\/www.facebook.com\/MovimientodePartida.ZarateCampana35?fref=nf&amp;pnref=story\" target=\"_blank\">\u00a0https:\/\/www.facebook.com\/MovimientodePartida.ZarateCampana35?fref=nf&amp;pnref=story<\/a><\/p>\n<p><img fetchpriority=\"high\" decoding=\"async\" class=\" wp-image-10927 aligncenter\" src=\"http:\/\/obispadodezaratecampana.org\/wp-content\/uploads\/2015\/12\/12307965_1691706141047470_6251632775882723605_o-1-300x187.jpg\" alt=\"12307965_1691706141047470_6251632775882723605_o (1)\" width=\"550\" height=\"400\" \/><\/p>\n<!-- AddThis Advanced Settings generic via filter on the_content --><!-- AddThis Share Buttons generic via filter on the_content -->","protected":false},"excerpt":{"rendered":"<p>Perfil de facebook del Movimiento de Partida de Z\u00e1rate- Campana, para que puedan consultar y participar de este tradicional retiro que se organiza todos los [&hellip;]<!-- AddThis Advanced Settings generic via filter on get_the_excerpt --><!-- AddThis Share Buttons generic via filter on get_the_excerpt --><\/p>\n","protected":false},"author":2,"featured_media":10927,"comment_status":"open","ping_status":"open","sticky":false,"template":"","format":"standard","meta":{"footnotes":""},"categories":[4],"tags":[],"class_list":["post-10926","post","type-post","status-publish","format-standard","has-post-thumbnail","hentry","category-movimientosinstituciones"],"_links":{"self":[{"href":"https:\/\/obispadodezaratecampana.org\/index.php?rest_route=\/wp\/v2\/posts\/10926","targetHints":{"allow":["GET"]}}],"collection":[{"href":"https:\/\/obispadodezaratecampana.org\/index.php?rest_route=\/wp\/v2\/posts"}],"about":[{"href":"https:\/\/obispadodezaratecampana.org\/index.php?rest_route=\/wp\/v2\/types\/post"}],"author":[{"embeddable":true,"href":"https:\/\/obispadodezaratecampana.org\/index.php?rest_route=\/wp\/v2\/users\/2"}],"replies":[{"embeddable":true,"href":"https:\/\/obispadodezaratecampana.org\/index.php?rest_route=%2Fwp%2Fv2%2Fcomments&post=10926"}],"version-history":[{"count":2,"href":"https:\/\/obispadodezaratecampana.org\/index.php?rest_route=\/wp\/v2\/posts\/10926\/revisions"}],"predecessor-version":[{"id":11019,"href":"https:\/\/obispadodezaratecampana.org\/index.php?rest_route=\/wp\/v2\/posts\/10926\/revisions\/11019"}],"wp:featuredmedia":[{"embeddable":true,"href":"https:\/\/obispadodezaratecampana.org\/index.php?rest_route=\/wp\/v2\/media\/10927"}],"wp:attachment":[{"href":"https:\/\/obispadodezaratecampana.org\/index.php?rest_route=%2Fwp%2Fv2%2Fmedia&parent=10926"}],"wp:term":[{"taxonomy":"category","embeddable":true,"href":"https:\/\/obispadodezaratecampana.org\/index.php?rest_route=%2Fwp%2Fv2%2Fcategories&post=10926"},{"taxonomy":"post_tag","embeddable":true,"href":"https:\/\/obispadodezaratecampana.org\/index.php?rest_route=%2Fwp%2Fv2%2Ftags&post=10926"}],"curies":[{"name":"wp","href":"https:\/\/api.w.org\/{rel}","templated":true}]}}