{"id":10919,"date":"2015-12-09T19:47:53","date_gmt":"2015-12-09T22:47:53","guid":{"rendered":"http:\/\/obispadodezaratecampana.org\/?p=10919"},"modified":"2015-12-09T19:47:53","modified_gmt":"2015-12-09T22:47:53","slug":"por-que-un-jubileo-de-la-misericordia-el-papa-francisco-lo-explica","status":"publish","type":"post","link":"https:\/\/obispadodezaratecampana.org\/?p=10919","title":{"rendered":"\u00bfPOR QU\u00c9 UN JUBILEO DE LA MISERICORDIA? EL PAPA FRANCISCO LO EXPLICA"},"content":{"rendered":"<p>\u00bfPOR QU\u00c9 UN JUBILEO DE LA MISERICORDIA? EL PAPA FRANCISCO LO EXPLICA<\/p>\n<p>Queridos amigos, en su catequesis de la audiencia general de esta ma\u00f1ana -9 de mayo- , el Papa Francisco ha explicado las razones que le han movido a declarar el A\u00f1o Santo que inici\u00f3 ayer. Estas han sido sus palabras:<\/p>\n<p>&#8220;\u00bfPor qu\u00e9 un Jubileo de la Misericordia? \u00bfQu\u00e9 significa esto?<\/p>\n<p>La Iglesia necesita de este momento extraordinario. No digo &#8216;es bueno para la Iglesia&#8217; este tiempo extraordinario, no; digo que la Iglesia necesita de este momento extraordinario.<\/p>\n<p>En nuestra \u00e9poca de profundos cambios, la Iglesia est\u00e1 llamada a ofrecer su contribuci\u00f3n peculiar, haciendo visibles los signos de la presencia y de la cercan\u00eda de Dios. Y el Jubileo es un tiempo favorable para todos nosotros, porque contemplando la Divina Misericordia, que supera cada l\u00edmite humano y resplandece sobre la oscuridad del pecado, podamos transformarnos en testigos m\u00e1s convencidos y eficaces.<\/p>\n<p>Dirigir la mirada a Dios, Padre misericordioso, y a los hermanos necesitados de misericordia, significa poner la atenci\u00f3n sobre el contenido esencial del Evangelio: Jes\u00fas, la Misericordia hecha carne, que hace visible a nuestros ojos el gran misterio del Amor trinitario de Dios. Celebrar un Jubileo de la Misericordia equivale a poner de nuevo al centro de nuestra vida personal y de nuestras comunidades lo espec\u00edfico de la fe cristiana, es decir, Jesucristo, Dios misericordioso.<\/p>\n<p>Un A\u00f1o Santo, por lo tanto, para vivir la misericordia. S\u00ed, queridos hermanos y hermanas, este A\u00f1o Santo nos es ofrecido para experimentar en nuestra vida el toque dulce y suave del perd\u00f3n de Dios, su presencia al lado de nosotros y su cercan\u00eda, sobre todo en los momentos de mayor necesidad.<\/p>\n<p>Este Jubileo, en resumen, es un momento privilegiado para que la Iglesia aprenda a elegir \u00fanicamente \u201clo que a Dios le gusta m\u00e1s\u201d. Y, \u00bfqu\u00e9 cosa es lo que \u201ca Dios le gusta m\u00e1s\u201d? Perdonar a sus hijos, tener misericordia de ellos, de modo que tambi\u00e9n ellos puedan a su vez perdonar a los hermanos, resplandeciendo como antorchas de la misericordia de Dios en el mundo. Esto es aquello que a Dios le gusta m\u00e1s.<\/p>\n<p>San Ambrosio, en un libro de teolog\u00eda sobre Ad\u00e1n que escribi\u00f3, toma la historia de la creaci\u00f3n del mundo y hace notar que la Biblia, despu\u00e9s de que Dios hizo cada cosa \u2013la luna, el sol o los animales- dice: \u201cY Dios vio que esto era bueno\u201d. Pero cuando hizo al hombre y la mujer, la Biblia dice que Dios \u201cVio que esto era muy bueno\u201d.<\/p>\n<p>San Ambrosio se pregunta: \u00bfpor qu\u00e9 dice \u201cmuy bueno\u201d?, \u00bfpor qu\u00e9 est\u00e1 tan contento Dios despu\u00e9s de la creaci\u00f3n del hombre y de la mujer? Porque finalmente ten\u00eda alguien a quien perdonar. Es bello esto. La alegr\u00eda de Dios es perdonar, el ser de Dios es misericordia.<\/p>\n<p>Por eso, este a\u00f1o debemos abrir el coraz\u00f3n, para que este amor, esta alegr\u00eda de Dios nos llene, nos llene a todos nosotros de esta misericordia.<\/p>\n<p>El Jubileo ser\u00e1 un \u201ctiempo favorable\u201d para la Iglesia si aprendemos a elegir \u201clo que a Dios le gusta m\u00e1s\u201d, sin ceder a la tentaci\u00f3n de pensar que hay algo m\u00e1s importante o prioritario. Nada es m\u00e1s importante que elegir \u201clo que a Dios le gusta m\u00e1s\u201d, \u00a1su misericordia, su amor, su ternura, su abrazo, sus caricias!<\/p>\n<p>Tambi\u00e9n la necesaria obra de renovaci\u00f3n de las instituciones y de las estructuras de la Iglesia es un medio que debe conducirnos a hacer la experiencia viva y vivificante de la misericordia de Dios que, sola, puede garantizar a la Iglesia el ser aquella ciudad puesta sobre un monte que no puede permanecer escondida (cfr Mt 5,14).<\/p>\n<p>Solamente resplandece una Iglesia misericordiosa. Si debi\u00e9ramos, a\u00fan solo por un momento, olvidar que la misericordia es \u201clo que a Dios le gusta m\u00e1s\u201d, cada esfuerzo nuestro ser\u00eda en vano, porque nos convertir\u00edamos en esclavos de nuestras instituciones y de nuestras estructuras, por m\u00e1s renovadas que puedan ser, pero siempre ser\u00edamos esclavos.<\/p>\n<p>\u00abSentir fuerte en nosotros la alegr\u00eda de haber sido reencontrados por Jes\u00fas, que como Buen Pastor ha venido a buscarnos porque est\u00e1bamos perdidos\u00bb: \u00e9ste es el objetivo que la Iglesia se pone en este A\u00f1o Santo. As\u00ed reforzaremos en nosotros la certeza de que la misericordia puede contribuir realmente a la edificaci\u00f3n de un mundo m\u00e1s humano.<\/p>\n<p>Especialmente en nuestro tiempo, en que el perd\u00f3n es un hu\u00e9sped raro en los \u00e1mbitos de la vida humana, el llamamiento a la misericordia se hace m\u00e1s urgente en todo lugar: en la sociedad, en las instituciones, en el trabajo y tambi\u00e9n en la familia.<\/p>\n<p>Cierto, alguno podr\u00eda objetar: \u201cPero, Padre, la Iglesia, en este A\u00f1o, \u00bfno deber\u00eda hacer algo m\u00e1s? Es justo contemplar la misericordia de Dios, pero \u00a1hay muchas necesidades urgentes!\u201d.<\/p>\n<p>Es verdad, hay mucho por hacer, y yo en primer lugar no me canso de recordarlo. Pero es necesario tener en cuenta que, en la ra\u00edz del olvido de la misericordia, est\u00e1 siempre el amor proprio. En el mundo, esto toma la forma de la b\u00fasqueda exclusiva de los propios intereses, de placeres, de honores unidos al querer acumular riquezas; mientras que en la vida de los cristianos se disfraza a menudo de hipocres\u00eda y de mundanidad. Todas estas cosas son contrarias a la misericordia.<\/p>\n<p>Los impulsos del amor propio, que hacen extranjera la misericordia en el mundo, son tantos y tan numerosos que frecuentemente ni siquiera somos capaces de reconocerlos como l\u00edmites y como pecado.<\/p>\n<p>He aqu\u00ed por qu\u00e9 es necesario reconocer que somos pecadores, para reforzar en nosotros la certeza de la misericordia divina. \u201cSe\u00f1or, yo soy un pecador, Se\u00f1or soy una pecadora, ven con tu misericordia\u201d; esta es una oraci\u00f3n bell\u00edsima, es f\u00e1cil eh, es una oraci\u00f3n f\u00e1cil para decirla todos los d\u00edas, todos los d\u00edas: \u201cSe\u00f1or yo soy un pecador, Se\u00f1or yo soy una pecadora, ven con tu misericordia\u201d.<\/p>\n<p>Queridos hermanos y hermanas, deseo que en este A\u00f1o Santo cada uno de nosotros experimente la misericordia de Dios, para que seamos testigos de \u201clo que a Dios le gusta m\u00e1s\u201d. \u00bfEs de ingenuos creer que esto pueda cambiar el mundo? Si, humanamente hablando es de locos, pero \u00abla locura de Dios es m\u00e1s sabia que la sabidur\u00eda de los hombres, y la debilidad de Dios es m\u00e1s fuerte que la fortaleza de los hombres\u00bb (1 Cor 1,25). Gracias.<\/p>\n<p>(Traducci\u00f3n por Mercedes De La Torre \u2013 Radio Vaticano).<\/p>\n<!-- AddThis Advanced Settings generic via filter on the_content --><!-- AddThis Share Buttons generic via filter on the_content -->","protected":false},"excerpt":{"rendered":"<p>\u00bfPOR QU\u00c9 UN JUBILEO DE LA MISERICORDIA? EL PAPA FRANCISCO LO EXPLICA Queridos amigos, en su catequesis de la audiencia general de esta ma\u00f1ana -9 [&hellip;]<!-- AddThis Advanced Settings generic via filter on get_the_excerpt --><!-- AddThis Share Buttons generic via filter on get_the_excerpt --><\/p>\n","protected":false},"author":2,"featured_media":10920,"comment_status":"open","ping_status":"open","sticky":false,"template":"","format":"standard","meta":{"footnotes":""},"categories":[161],"tags":[],"class_list":["post-10919","post","type-post","status-publish","format-standard","has-post-thumbnail","hentry","category-el-papa-leonxiv"],"_links":{"self":[{"href":"https:\/\/obispadodezaratecampana.org\/index.php?rest_route=\/wp\/v2\/posts\/10919","targetHints":{"allow":["GET"]}}],"collection":[{"href":"https:\/\/obispadodezaratecampana.org\/index.php?rest_route=\/wp\/v2\/posts"}],"about":[{"href":"https:\/\/obispadodezaratecampana.org\/index.php?rest_route=\/wp\/v2\/types\/post"}],"author":[{"embeddable":true,"href":"https:\/\/obispadodezaratecampana.org\/index.php?rest_route=\/wp\/v2\/users\/2"}],"replies":[{"embeddable":true,"href":"https:\/\/obispadodezaratecampana.org\/index.php?rest_route=%2Fwp%2Fv2%2Fcomments&post=10919"}],"version-history":[{"count":1,"href":"https:\/\/obispadodezaratecampana.org\/index.php?rest_route=\/wp\/v2\/posts\/10919\/revisions"}],"predecessor-version":[{"id":10921,"href":"https:\/\/obispadodezaratecampana.org\/index.php?rest_route=\/wp\/v2\/posts\/10919\/revisions\/10921"}],"wp:featuredmedia":[{"embeddable":true,"href":"https:\/\/obispadodezaratecampana.org\/index.php?rest_route=\/wp\/v2\/media\/10920"}],"wp:attachment":[{"href":"https:\/\/obispadodezaratecampana.org\/index.php?rest_route=%2Fwp%2Fv2%2Fmedia&parent=10919"}],"wp:term":[{"taxonomy":"category","embeddable":true,"href":"https:\/\/obispadodezaratecampana.org\/index.php?rest_route=%2Fwp%2Fv2%2Fcategories&post=10919"},{"taxonomy":"post_tag","embeddable":true,"href":"https:\/\/obispadodezaratecampana.org\/index.php?rest_route=%2Fwp%2Fv2%2Ftags&post=10919"}],"curies":[{"name":"wp","href":"https:\/\/api.w.org\/{rel}","templated":true}]}}