{"id":10914,"date":"2015-12-04T11:47:40","date_gmt":"2015-12-04T14:47:40","guid":{"rendered":"http:\/\/obispadodezaratecampana.org\/?p=10914"},"modified":"2015-12-04T11:52:33","modified_gmt":"2015-12-04T14:52:33","slug":"explicacion-del-lema-y-escudo-episcopal-de-mons-pedro-laxague","status":"publish","type":"post","link":"https:\/\/obispadodezaratecampana.org\/?p=10914","title":{"rendered":"Explicaci\u00f3n del lema y escudo episcopal de Mons. Pedro Laxague"},"content":{"rendered":"<div class=\"_2cuy _3dgx\" style=\"color: #141823;\">El escudo contiene los s\u00edmbolos que definen los pasos a seguir para lograr llevar a cabo, con la Gracia de Dios, mi ministerio pastoral.<\/div>\n<div class=\"_2cuy _3dgx\" style=\"color: #141823;\">El campo o fondo azul del escudo simboliza el Universo, todo lo creado por Dios. Adem\u00e1s, los colores azul y plata son los del escudo de la Acci\u00f3n Cat\u00f3lica, donde me inici\u00e9 en la Iglesia como laico comprometido.<\/div>\n<div class=\"_2cuy _3dgx\" style=\"color: #141823;\">En el escudo se encuentra la Sagrada Familia, en cuyo centro est\u00e1 Jes\u00fas ni\u00f1o de quien procede toda Vida. Tambi\u00e9n es el s\u00edmbolo de mi participaci\u00f3n en la pastoral familiar, el Movimiento Familiar Cristiano, y por mi numerosa familia.<\/div>\n<div class=\"_2cuy _3dgx\" style=\"color: #141823;\"><span style=\"color: #000000;\">La cruz color oro es s\u00edmbolo de la promesa cumplida por Jesucristo, resucitado y glorioso. &#8220;Yo soy el Camino, la Verdad y la Vida&#8221; (Jn. 14,6). <\/span><\/div>\n<div class=\"_2cuy _3dgx\" style=\"color: #141823;\">\n<div class=\"_2cuy _3dgx\">El b\u00e1culo de madera, signo del pastor, indica la misi\u00f3n pastoral de cuidar el reba\u00f1o, es decir, el Pueblo de Dios.<\/div>\n<div class=\"_2cuy _3dgx\">Al pie del escudo, el lema que es el mismo de mi Ordenaci\u00f3n Sacerdotal, &#8220;Yo soy el Camino, la Verdad y la Vida&#8221; (Jn. 14,6) resume el sentido de mi ministerio pastoral.<\/div>\n<div class=\"_2cuy _3dgx\"><\/div>\n<div class=\"_2cuy _3dgx\">Mons. Pedro Laxague<\/div>\n<\/div>\n<!-- AddThis Advanced Settings generic via filter on the_content --><!-- AddThis Share Buttons generic via filter on the_content -->","protected":false},"excerpt":{"rendered":"<p>El escudo contiene los s\u00edmbolos que definen los pasos a seguir para lograr llevar a cabo, con la Gracia de Dios, mi ministerio pastoral. El [&hellip;]<!-- AddThis Advanced Settings generic via filter on get_the_excerpt --><!-- AddThis Share Buttons generic via filter on get_the_excerpt --><\/p>\n","protected":false},"author":1,"featured_media":10915,"comment_status":"open","ping_status":"open","sticky":false,"template":"","format":"standard","meta":{"footnotes":""},"categories":[1],"tags":[],"class_list":["post-10914","post","type-post","status-publish","format-standard","has-post-thumbnail","hentry","category-noticiasdiocesanas"],"_links":{"self":[{"href":"https:\/\/obispadodezaratecampana.org\/index.php?rest_route=\/wp\/v2\/posts\/10914","targetHints":{"allow":["GET"]}}],"collection":[{"href":"https:\/\/obispadodezaratecampana.org\/index.php?rest_route=\/wp\/v2\/posts"}],"about":[{"href":"https:\/\/obispadodezaratecampana.org\/index.php?rest_route=\/wp\/v2\/types\/post"}],"author":[{"embeddable":true,"href":"https:\/\/obispadodezaratecampana.org\/index.php?rest_route=\/wp\/v2\/users\/1"}],"replies":[{"embeddable":true,"href":"https:\/\/obispadodezaratecampana.org\/index.php?rest_route=%2Fwp%2Fv2%2Fcomments&post=10914"}],"version-history":[{"count":2,"href":"https:\/\/obispadodezaratecampana.org\/index.php?rest_route=\/wp\/v2\/posts\/10914\/revisions"}],"predecessor-version":[{"id":10917,"href":"https:\/\/obispadodezaratecampana.org\/index.php?rest_route=\/wp\/v2\/posts\/10914\/revisions\/10917"}],"wp:featuredmedia":[{"embeddable":true,"href":"https:\/\/obispadodezaratecampana.org\/index.php?rest_route=\/wp\/v2\/media\/10915"}],"wp:attachment":[{"href":"https:\/\/obispadodezaratecampana.org\/index.php?rest_route=%2Fwp%2Fv2%2Fmedia&parent=10914"}],"wp:term":[{"taxonomy":"category","embeddable":true,"href":"https:\/\/obispadodezaratecampana.org\/index.php?rest_route=%2Fwp%2Fv2%2Fcategories&post=10914"},{"taxonomy":"post_tag","embeddable":true,"href":"https:\/\/obispadodezaratecampana.org\/index.php?rest_route=%2Fwp%2Fv2%2Ftags&post=10914"}],"curies":[{"name":"wp","href":"https:\/\/api.w.org\/{rel}","templated":true}]}}