{"id":10907,"date":"2015-12-03T18:36:06","date_gmt":"2015-12-03T21:36:06","guid":{"rendered":"http:\/\/obispadodezaratecampana.org\/?p=10907"},"modified":"2015-12-03T18:44:24","modified_gmt":"2015-12-03T21:44:24","slug":"invitacion-a-la-toma-de-posesion-del-nuevo-obispo","status":"publish","type":"post","link":"https:\/\/obispadodezaratecampana.org\/?p=10907","title":{"rendered":"Invitaci\u00f3n a la toma de posesi\u00f3n del nuevo obispo"},"content":{"rendered":"<p>El Se\u00f1or nos env\u00eda un nuevo obispo, Pastor y gu\u00eda para nuestra di\u00f3cesis. Mons. Pedro Mar\u00eda Laxague asumir\u00e1 como obispo de la di\u00f3cesis de Z\u00e1rate &#8211; Campana\u00a0<strong>el s\u00e1bado 19 de diciembre a las 19 horas.<\/strong><\/p>\n<p>La celebraci\u00f3n tendr\u00e1 lugar en la<strong> Catedral Santa Florentina<\/strong> (atrio) de Campana. All\u00ed nos encontraremos\u00a0para recibir a nuestro obispo y participar gozosamente en la Eucarist\u00eda que \u00e9l mismo presidir\u00e1.<\/p>\n<p><a href=\"http:\/\/obispadodezaratecampana.org\/wp-content\/uploads\/2015\/12\/invitacion.jpg\"><img fetchpriority=\"high\" decoding=\"async\" class=\"aligncenter wp-image-10912 size-large\" src=\"http:\/\/obispadodezaratecampana.org\/wp-content\/uploads\/2015\/12\/invitacion-1024x721.jpg\" alt=\"invitacion\" width=\"785\" height=\"552\" srcset=\"https:\/\/obispadodezaratecampana.org\/wp-content\/uploads\/2015\/12\/invitacion-1024x721.jpg 1024w, https:\/\/obispadodezaratecampana.org\/wp-content\/uploads\/2015\/12\/invitacion-300x211.jpg 300w\" sizes=\"(max-width: 785px) 100vw, 785px\" \/><\/a><\/p>\n<p>&nbsp;<\/p>\n<p>Invitamos a todos los fieles que vengan a Campana que traigan, si es posible, <strong>una ofrenda: un ejemplar de los evangelios y\/o un alimento no perecedero. <\/strong>Es un sencillo gesto por el cual ponemos en las manos del Sucesor de los Ap\u00f3stoles nuestras ofrendas para que pueda llevar a los m\u00e1s necesitados el pan de la Palabra y el pan cotidiano para el sustento del cuerpo.<\/p>\n<p>\u201cDondequiera que aparece el obispo, acuda all\u00ed el pueblo, as\u00ed como dondequiera que est\u00e9 Cristo, all\u00ed est\u00e1 la Iglesia universal\u201d <em>(S. Ignacio de Antioqu\u00eda). <\/em>Acudamos, pues, a celebrar este misterio de fe, con alegr\u00eda, con un verdadero sentido de fiesta, que continuaremos despu\u00e9s de la Misa con un <strong>\u00e1gape<\/strong> (al aire libre, junto a la Catedral) al que todos estamos invitados.<\/p>\n<!-- AddThis Advanced Settings generic via filter on the_content --><!-- AddThis Share Buttons generic via filter on the_content -->","protected":false},"excerpt":{"rendered":"<p>El Se\u00f1or nos env\u00eda un nuevo obispo, Pastor y gu\u00eda para nuestra di\u00f3cesis. Mons. Pedro Mar\u00eda Laxague asumir\u00e1 como obispo de la di\u00f3cesis de Z\u00e1rate [&hellip;]<!-- AddThis Advanced Settings generic via filter on get_the_excerpt --><!-- AddThis Share Buttons generic via filter on get_the_excerpt --><\/p>\n","protected":false},"author":1,"featured_media":10908,"comment_status":"open","ping_status":"open","sticky":false,"template":"","format":"standard","meta":{"footnotes":""},"categories":[1],"tags":[],"class_list":["post-10907","post","type-post","status-publish","format-standard","has-post-thumbnail","hentry","category-noticiasdiocesanas"],"_links":{"self":[{"href":"https:\/\/obispadodezaratecampana.org\/index.php?rest_route=\/wp\/v2\/posts\/10907","targetHints":{"allow":["GET"]}}],"collection":[{"href":"https:\/\/obispadodezaratecampana.org\/index.php?rest_route=\/wp\/v2\/posts"}],"about":[{"href":"https:\/\/obispadodezaratecampana.org\/index.php?rest_route=\/wp\/v2\/types\/post"}],"author":[{"embeddable":true,"href":"https:\/\/obispadodezaratecampana.org\/index.php?rest_route=\/wp\/v2\/users\/1"}],"replies":[{"embeddable":true,"href":"https:\/\/obispadodezaratecampana.org\/index.php?rest_route=%2Fwp%2Fv2%2Fcomments&post=10907"}],"version-history":[{"count":3,"href":"https:\/\/obispadodezaratecampana.org\/index.php?rest_route=\/wp\/v2\/posts\/10907\/revisions"}],"predecessor-version":[{"id":10913,"href":"https:\/\/obispadodezaratecampana.org\/index.php?rest_route=\/wp\/v2\/posts\/10907\/revisions\/10913"}],"wp:featuredmedia":[{"embeddable":true,"href":"https:\/\/obispadodezaratecampana.org\/index.php?rest_route=\/wp\/v2\/media\/10908"}],"wp:attachment":[{"href":"https:\/\/obispadodezaratecampana.org\/index.php?rest_route=%2Fwp%2Fv2%2Fmedia&parent=10907"}],"wp:term":[{"taxonomy":"category","embeddable":true,"href":"https:\/\/obispadodezaratecampana.org\/index.php?rest_route=%2Fwp%2Fv2%2Fcategories&post=10907"},{"taxonomy":"post_tag","embeddable":true,"href":"https:\/\/obispadodezaratecampana.org\/index.php?rest_route=%2Fwp%2Fv2%2Ftags&post=10907"}],"curies":[{"name":"wp","href":"https:\/\/api.w.org\/{rel}","templated":true}]}}