{"id":10904,"date":"2015-12-03T18:28:18","date_gmt":"2015-12-03T21:28:18","guid":{"rendered":"http:\/\/obispadodezaratecampana.org\/?p=10904"},"modified":"2015-12-03T18:28:18","modified_gmt":"2015-12-03T21:28:18","slug":"invitacion-a-la-apertura-del-ano-jubilar-de-la-misericordia-en-la-diocesis","status":"publish","type":"post","link":"https:\/\/obispadodezaratecampana.org\/?p=10904","title":{"rendered":"Invitaci\u00f3n a la apertura del a\u00f1o jubilar de la misericordia en la di\u00f3cesis"},"content":{"rendered":"<p style=\"text-align: center;\"><strong>\u201cMisericordioso como el Padre\u201d<\/strong><\/p>\n<p><strong>\u00a0<\/strong><\/p>\n<p>Queridos hermanos sacerdotes, religiosos, laicos, toda la Iglesia diocesana:<\/p>\n<p>&nbsp;<\/p>\n<p>En este gozoso Adviento el Se\u00f1or nos regala comenzar un tiempo especial con el <strong>JUBILEO EXTRAORDINARIO DE LA MISERICORDIA<\/strong> que el Papa ha convocado.<\/p>\n<p>&nbsp;<\/p>\n<p>Como bien saben el pr\u00f3ximo <strong>martes 8\/12<\/strong>, solemnidad de la Inmaculada Concepci\u00f3n de la Virgen Mar\u00eda, el Santo Padre Francisco celebrar\u00e1 la Santa Misa de <strong>apertura de la Puerta Santa de la Bas\u00edlica de San Pedro en Roma<\/strong>. El mismo Papa explica durante las V\u00edsperas de la Divina Misericordia de 2015 por qu\u00e9 iniciar este tiempo santo en la solemnidad de la Virgen:<\/p>\n<p>&nbsp;<\/p>\n<p><em>Primero, porque la fecha coincide con la solemnidad de la Inmaculada Concepci\u00f3n de Mar\u00eda, a quien quiso Dios \u201csanta e inmaculada en el amor para no dejar a la humanidad solo ya merced del mal\u201d.<\/em><\/p>\n<p><em>En segundo lugar, el 8 de diciembre, coincide con el 50 aniversario de la conclusi\u00f3n del Concilio Vaticano II que provoc\u00f3 la ca\u00edda \u201cde los muros que durante demasiado tiempo hab\u00edan cerrado la iglesia en una privilegiada ciudadela\u201d, dando lugar a \u201cproclamar el Evangelio de una manera nueva usando \u2013 como dec\u00eda Juan XXIII \u2013 la medicina de la misericordia en lugar de asumir las armas del rigor\u201d.<\/em><\/p>\n<p><em>\u00a0<\/em><\/p>\n<p>Nos uniremos a esa celebraci\u00f3n en nuestras parroquias y diversas comunidades celebrando las procesiones en honor de la Virgen y sobre todo con la Eucarist\u00eda, en la que haremos referencia a este acontecimiento de gracia.<\/p>\n<p>&nbsp;<\/p>\n<p><strong>Una Puerta Santa tambi\u00e9n en las Di\u00f3cesis: <\/strong><\/p>\n<p><strong>\u00a0<\/strong><\/p>\n<p>As\u00ed, el Papa Francisco anunci\u00f3 que el <strong>domingo 13 de diciembre Tercero Adviento, se abrir\u00e1 la Puerta Santa de la Catedral de Roma, <\/strong>la Bas\u00edlica de San Juan de Letr\u00e1n. A continuaci\u00f3n, se abrir\u00e1n las puertas santas de las otras bas\u00edlicas papales.<\/p>\n<p>Por otra parte, el Papa afirma <strong><em>que en cada Iglesia particular, y tambi\u00e9n en los santuarios se abra durante todo el a\u00f1o una igual Puerta Santa de la Misericordia, de modo que el Jubileo se celebre tambi\u00e9n en el \u00e1mbito local \u201ccomo signo de comuni\u00f3n de toda la Iglesia\u201d.<\/em><\/strong><\/p>\n<p>&nbsp;<\/p>\n<p>Por tanto, siguiendo esta indicaci\u00f3n, celebraremos el <strong>DOMINGO 13 A LAS 19 HORAS EN LA CO \u2013 CATEDRAL DE ESCOBAR<\/strong>, el inicio de este especial tiempo de gracia. Juntos, como di\u00f3cesis, atravesaremos el dintel de esta puerta de la misericordia. Todos est\u00e1n invitados a participar. Los que est\u00e1n m\u00e1s lejos quiz\u00e1s no puedan hacerlo y es comprensible, sobre todo, si pensamos que el s\u00e1bado siguiente, 19\/12, asume Monse\u00f1or Laxague, nuestro obispo electo. Y a este acontecimiento s\u00ed que no podemos faltar ninguno.<\/p>\n<p>&nbsp;<\/p>\n<p>Les deseo a todos un feliz y santo tiempo de Adviento en el que nos preparemos bien para la venida de Jes\u00fas, el rostro visible de la Misericordia de Dios.<\/p>\n<p>&nbsp;<\/p>\n<p>&nbsp;<\/p>\n<p>P. Justo Rodr\u00edguez Gallego<\/p>\n<p>Administrador Diocesano<\/p>\n<!-- AddThis Advanced Settings generic via filter on the_content --><!-- AddThis Share Buttons generic via filter on the_content -->","protected":false},"excerpt":{"rendered":"<p>\u201cMisericordioso como el Padre\u201d \u00a0 Queridos hermanos sacerdotes, religiosos, laicos, toda la Iglesia diocesana: &nbsp; En este gozoso Adviento el Se\u00f1or nos regala comenzar un [&hellip;]<!-- AddThis Advanced Settings generic via filter on get_the_excerpt --><!-- AddThis Share Buttons generic via filter on get_the_excerpt --><\/p>\n","protected":false},"author":1,"featured_media":10905,"comment_status":"open","ping_status":"open","sticky":false,"template":"","format":"standard","meta":{"footnotes":""},"categories":[1],"tags":[],"class_list":["post-10904","post","type-post","status-publish","format-standard","has-post-thumbnail","hentry","category-noticiasdiocesanas"],"_links":{"self":[{"href":"https:\/\/obispadodezaratecampana.org\/index.php?rest_route=\/wp\/v2\/posts\/10904","targetHints":{"allow":["GET"]}}],"collection":[{"href":"https:\/\/obispadodezaratecampana.org\/index.php?rest_route=\/wp\/v2\/posts"}],"about":[{"href":"https:\/\/obispadodezaratecampana.org\/index.php?rest_route=\/wp\/v2\/types\/post"}],"author":[{"embeddable":true,"href":"https:\/\/obispadodezaratecampana.org\/index.php?rest_route=\/wp\/v2\/users\/1"}],"replies":[{"embeddable":true,"href":"https:\/\/obispadodezaratecampana.org\/index.php?rest_route=%2Fwp%2Fv2%2Fcomments&post=10904"}],"version-history":[{"count":1,"href":"https:\/\/obispadodezaratecampana.org\/index.php?rest_route=\/wp\/v2\/posts\/10904\/revisions"}],"predecessor-version":[{"id":10906,"href":"https:\/\/obispadodezaratecampana.org\/index.php?rest_route=\/wp\/v2\/posts\/10904\/revisions\/10906"}],"wp:featuredmedia":[{"embeddable":true,"href":"https:\/\/obispadodezaratecampana.org\/index.php?rest_route=\/wp\/v2\/media\/10905"}],"wp:attachment":[{"href":"https:\/\/obispadodezaratecampana.org\/index.php?rest_route=%2Fwp%2Fv2%2Fmedia&parent=10904"}],"wp:term":[{"taxonomy":"category","embeddable":true,"href":"https:\/\/obispadodezaratecampana.org\/index.php?rest_route=%2Fwp%2Fv2%2Fcategories&post=10904"},{"taxonomy":"post_tag","embeddable":true,"href":"https:\/\/obispadodezaratecampana.org\/index.php?rest_route=%2Fwp%2Fv2%2Ftags&post=10904"}],"curies":[{"name":"wp","href":"https:\/\/api.w.org\/{rel}","templated":true}]}}