{"id":10897,"date":"2015-11-30T09:12:46","date_gmt":"2015-11-30T12:12:46","guid":{"rendered":"http:\/\/obispadodezaratecampana.org\/?p=10897"},"modified":"2015-11-30T09:12:46","modified_gmt":"2015-11-30T12:12:46","slug":"nosotros-tenemos-que-trabajar-y-rezar-y-hacer-de-todo-por-la-paz-francisco-en-africa","status":"publish","type":"post","link":"https:\/\/obispadodezaratecampana.org\/?p=10897","title":{"rendered":"Nosotros tenemos que trabajar y rezar y hacer de todo por la paz &#8211; Francisco en Africa"},"content":{"rendered":"<p>(Radio Vaticana).- \u201cNosotros tenemos que trabajar y rezar y hacer de todo por la paz. Pero la paz sin amor, sin amistad, sin tolerancia, sin perd\u00f3n no es posible\u201d, dijo el Papa al encontrar a los pr\u00f3fugos del campamento cercano a la parroquia de &#8220;St. Sauvuer&#8221;, San Salvador en Bangui.<\/p>\n<p>El Pont\u00edfice fue acogido por algunos ni\u00f1os y recibi\u00f3 luego palabras de bienvenida de una mujer del campo de pr\u00f3fugos de la cercana parroquia de St. Sauver y en particular del centro Juan XXIII, quien le manifest\u00f3 su deseo de que su visita a Centro\u00e1frica \u201caporte reconciliaci\u00f3n, paz duradera y felicidad en todo el territorio\u201d.<\/p>\n<p>Un emotivo encuentro, marcado por la sencillez y la espontaneidad que caracterizan al Obispo de Roma, quien recibi\u00f3 con gratitud los dones que le ofrecieron los pr\u00f3fugos, para luego prodigar su saludo con estas afectuosas y sencillas palabras: \u201cSaludo a todos ustedes que est\u00e1n aqu\u00ed. Les digo que he le\u00eddo lo que los ni\u00f1os hab\u00edan escrito: paz, perd\u00f3n, unidad y tantas cosas\u2026amor. Nosotros tenemos que trabajar y rezar y hacer de todo por la paz. Pero la paz sin amor, sin amistad, sin tolerancia, sin perd\u00f3n, no es posible. Cada uno de nosotros debe hacer algo. Yo les deseo, a ustedes y a todos los centroafricanos, la paz, una gran paz entre ustedes. Que puedan vivir en paz, cualquiera sea la etnia, la cultura, la religi\u00f3n, el estado social, \u00a1pero todos en paz! \u00a1Todos! Porque todos somos hermanos. Me gustar\u00eda que todos dij\u00e9ramos juntos: \u201cTodos somos hermanos\u201d. (Todos somos hermanos) \u00a1Otra vez! (Todos somos hermanos). Y por esto, porque todos somos hermanos, queremos la paz. Y les dar\u00e9 la bendici\u00f3n del Se\u00f1or. Que el Se\u00f1or los bendiga, en el nombre del Padre, del Hijo y del Esp\u00edritu Santo. \u00a1Y recen por m\u00ed! \u00a1Recen por m\u00ed! \u00bfEscucharon?&#8221;<\/p>\n<p>Fuente: NEWS.VA<\/p>\n<p>29 de noviembre<\/p>\n<!-- AddThis Advanced Settings generic via filter on the_content --><!-- AddThis Share Buttons generic via filter on the_content -->","protected":false},"excerpt":{"rendered":"<p>(Radio Vaticana).- \u201cNosotros tenemos que trabajar y rezar y hacer de todo por la paz. Pero la paz sin amor, sin amistad, sin tolerancia, sin [&hellip;]<!-- AddThis Advanced Settings generic via filter on get_the_excerpt --><!-- AddThis Share Buttons generic via filter on get_the_excerpt --><\/p>\n","protected":false},"author":2,"featured_media":10898,"comment_status":"open","ping_status":"open","sticky":false,"template":"","format":"standard","meta":{"footnotes":""},"categories":[161],"tags":[],"class_list":["post-10897","post","type-post","status-publish","format-standard","has-post-thumbnail","hentry","category-el-papa-leonxiv"],"_links":{"self":[{"href":"https:\/\/obispadodezaratecampana.org\/index.php?rest_route=\/wp\/v2\/posts\/10897","targetHints":{"allow":["GET"]}}],"collection":[{"href":"https:\/\/obispadodezaratecampana.org\/index.php?rest_route=\/wp\/v2\/posts"}],"about":[{"href":"https:\/\/obispadodezaratecampana.org\/index.php?rest_route=\/wp\/v2\/types\/post"}],"author":[{"embeddable":true,"href":"https:\/\/obispadodezaratecampana.org\/index.php?rest_route=\/wp\/v2\/users\/2"}],"replies":[{"embeddable":true,"href":"https:\/\/obispadodezaratecampana.org\/index.php?rest_route=%2Fwp%2Fv2%2Fcomments&post=10897"}],"version-history":[{"count":1,"href":"https:\/\/obispadodezaratecampana.org\/index.php?rest_route=\/wp\/v2\/posts\/10897\/revisions"}],"predecessor-version":[{"id":10899,"href":"https:\/\/obispadodezaratecampana.org\/index.php?rest_route=\/wp\/v2\/posts\/10897\/revisions\/10899"}],"wp:featuredmedia":[{"embeddable":true,"href":"https:\/\/obispadodezaratecampana.org\/index.php?rest_route=\/wp\/v2\/media\/10898"}],"wp:attachment":[{"href":"https:\/\/obispadodezaratecampana.org\/index.php?rest_route=%2Fwp%2Fv2%2Fmedia&parent=10897"}],"wp:term":[{"taxonomy":"category","embeddable":true,"href":"https:\/\/obispadodezaratecampana.org\/index.php?rest_route=%2Fwp%2Fv2%2Fcategories&post=10897"},{"taxonomy":"post_tag","embeddable":true,"href":"https:\/\/obispadodezaratecampana.org\/index.php?rest_route=%2Fwp%2Fv2%2Ftags&post=10897"}],"curies":[{"name":"wp","href":"https:\/\/api.w.org\/{rel}","templated":true}]}}