{"id":10894,"date":"2015-11-30T08:58:01","date_gmt":"2015-11-30T11:58:01","guid":{"rendered":"http:\/\/obispadodezaratecampana.org\/?p=10894"},"modified":"2015-11-30T08:58:01","modified_gmt":"2015-11-30T11:58:01","slug":"encuentro-con-los-jovenes-ugandeses-por-vuestras-venas-corre-la-sangre-de-los-martires","status":"publish","type":"post","link":"https:\/\/obispadodezaratecampana.org\/?p=10894","title":{"rendered":"Encuentro con los j\u00f3venes ugandeses: Por vuestras venas corre la sangre de los m\u00e1rtires"},"content":{"rendered":"<p>Encuentro con los j\u00f3venes ugandeses: Por vuestras venas corre la sangre de los m\u00e1rtires<\/p>\n<p>Ciudad del Vaticano, 29 de noviembre de 2015 (Vis).-Ayer tarde el Papa encontr\u00f3 a los j\u00f3venes de Uganda en el Kololo air strip, un ex aeropuerto cercano a Kampala que se utiliza actualmente para acontecimientos de masa y que puede albergar hasta cien mil personas. Los j\u00f3venes hab\u00edan participado en la misa que Francisco hab\u00eda celebrado pocas horas antes en el santuario cat\u00f3lico de Namugongo a trav\u00e9s de pantallas gigantes colocadas en la zona. En Kololo estaban presentes, adem\u00e1s, las autoridades civiles responsables de la educaci\u00f3n y del deporte y, en un sector especial, 200 j\u00f3venes sordos, refugiados y capellanes de la pastoral juvenil. En el palco, otros 50 j\u00f3venes, una pareja procedente de cada di\u00f3cesis del pa\u00eds y un grupo de hu\u00e9rfanos.<\/p>\n<p>El Papa, dando por le\u00eddo el discurso que reproducimos m\u00e1s abajo, prefiri\u00f3 conversar con los presentes despu\u00e9s de haber escuchado el testimonio de dos j\u00f3venes Emmanuel Odokonyero y Winnie Nansumba, que hab\u00edan pasado por pruebas muy duras, desde la enfermedad y la depresi\u00f3n, al reclutamiento, a asistir a la tortura y al asesinato de sus amigos.<\/p>\n<p>&#8221;A medida que he estado escuchando , me hice una pregunta -dijo el Papa- \u00bfUna experiencia negativa puede servir para algo en la vida? \u00a1S\u00ed! &#8230;Muchos de ac\u00e1, muchos de los que estamos ac\u00e1 hemos tenido experiencias negativas. Siempre est\u00e1 la posibilidad de abrir un horizonte, de abrirlo con la fuerza de Jes\u00fas &#8230;Porque Jes\u00fas es el Se\u00f1or&#8230;Jes\u00fas puede todo. Y Jes\u00fas sufri\u00f3 la experiencia m\u00e1s negativa de la historia: fue insultado, fue rechazado y fue asesinado. Y Jes\u00fas, por el poder de Dios, resucit\u00f3. \u00c9l puede hacer en cada uno de nosotros lo mismo, con cada experiencia negativa porque Jes\u00fas es el Se\u00f1or&#8221;.<\/p>\n<p>&#8221;Yo me imagino ? y todos juntos hagamos un acto de imaginarnos- el sufrimiento de Emmanuel, cuando ve\u00eda que sus compa\u00f1eros eran torturados, cuando ve\u00f1ia que sus compa\u00f1eros eran asesinados. Pero Emmanuel fue valiente -subray\u00f3 Francisco-Arriesg\u00f3 se conf\u00edo en Jes\u00fas y se escap\u00f3 , y hoy lo tenemos aqu\u00ed,<\/p>\n<p>Arriesg\u00f3, se confi\u00f3 en Jes\u00fas y se escap\u00f3, y hoy lo tenemos aqu\u00ed, despu\u00e9s de 14 a\u00f1os, graduado en Ciencias Administrativas. Siempre se puede. Nuestra vida es como una semilla: para vivir hay que morir; y morir, a veces, f\u00edsicamente, como los compa\u00f1eros de Emmanuel; morir como muri\u00f3 Carlos Lwanga y los m\u00e1rtires de Uganda. Pero a trav\u00e9s de esa muerte, hay una vida, una vida para todos. Si yo transformo lo negativo en positivo, soy un triunfador. Pero eso solamente se puede hacer con la gracia de Jes\u00fas. \u00bfEst\u00e1n seguros de esto?&#8230; \u00bfEst\u00e1n dispuestos a transformar en la vida todas las cosas negativas en positivo?&#8230;\u00bfEst\u00e1n dispuestos a transformar el odio en amor?&#8230;\u00bfEst\u00e1n dispuestos a querer transformar la guerra en la paz? &#8230; Ustedes tengan conciencia que son un pueblo de m\u00e1rtires, por las venas de ustedes corre sangre de m\u00e1rtires, y por eso tienen la fe y la vida que tienen ahora. Y esta fe y esta vida, es tan linda, que se la llama ?la perla del \u00c1frica&#8221;.<\/p>\n<p>&#8221;Si vos quer\u00e9s que Jes\u00fas te cambie la vida, ped\u00edle ayuda -exclam\u00f3- Y esto se llama rezar. &#8230; Rezadle a Jes\u00fas, porque \u00e9l es el Salvador. \u00a1Nunca dejen de rezar! La oraci\u00f3n es el arma m\u00e1s fuerte que tiene un joven. Jes\u00fas nos quiere&#8230;. Entonces, abr\u00edle la puerta de tu coraz\u00f3n y dej\u00e1lo entrar. Dejar entrar a Jes\u00fas en mi vida. Y cuando Jes\u00fas entra en tu vida, Jes\u00fas va a luchar, a luchar contra todos los problemas .. Luchar contra la depresi\u00f3n, luchar contra el AIDS (SIDA). Pedir ayuda para superar esas situaciones, pero siempre luchar. Luchar con mi deseo y luchar por mi oraci\u00f3n&#8221;.<\/p>\n<p>Y una tercera cosa que les quiero decir. Todos nosotros estamos en la Iglesia, pertenecemos a la Iglesia. &#8230; Y la Iglesia tiene una Madre&#8230; Mar\u00eda.. Rezar a la Madre. Cuando un chico se cae, se lastima, se pone a llorar y va a buscar a la mam\u00e1. Cuando nosotros tenemos un problema, lo mejor que podemos hacer es ir donde nuestra Madre, y rezarle a Mar\u00eda, nuestra Madre.<\/p>\n<p>Las tres cosas. Superar las dificultades. Segundo: transformar lo negativo en positivo. Tercero: oraci\u00f3n. Oraci\u00f3n a Jes\u00fas que lo puede todo. Jes\u00fas que entra en nuestro coraz\u00f3n y nos cambia la vida. Jes\u00fas que vino para salvarme y dio su vida por m\u00ed. Rezad a Jes\u00fas porque \u00c9l es el \u00fanico Se\u00f1or. Y como en la Iglesia no somos hu\u00e9rfanos y tenemos una Madre, rezad a nuestra Madre&#8221;.<\/p>\n<p>Sigue el discurso que hab\u00eda preparado el Santo Padre:<\/p>\n<p>&#8221;Queridos j\u00f3venes, queridos amigos:<\/p>\n<p>Me alegro de estar aqu\u00ed y compartir con ustedes estos momentos. Saludo a mis hermanos Obispos y tambi\u00e9n a las Autoridades civiles aqu\u00ed presentes. Agradezco al Obispo Paul Ssemogerere sus amables palabras de bienvenida. El testimonio de Winnie y Emmanuel refuerzan mi impresi\u00f3n de que la Iglesia en Uganda est\u00e1 repleta de j\u00f3venes que quieren un futuro mejor. Hoy, si ustedes me lo permiten, quisiera confirmarlos en la fe, alentarlos en el amor y, en especial, fortalecerlos en la esperanza.<\/p>\n<p>La esperanza cristiana no es un simple optimismo; es mucho m\u00e1s que eso. Tiene sus ra\u00edces en la vida nueva que hemos recibido en Jesucristo. San Pablo dice que la esperanza no defrauda, porque en el bautismo el amor de Dios ha sido derramado en nuestros corazones por el Esp\u00edritu Santo . La esperanza nos hace capaces de confiar en las promesas de Cristo, en la fuerza de su perd\u00f3n, de su amistad, de su amor, que nos abre las puertas a una vida nueva. Y, precisamente cuando ustedes afrontan un problema, un fracaso, cuando sufren un duro rev\u00e9s, es cuando deben anclar su coraz\u00f3n en este amor, porque tiene poder para cambiar la muerte en vida y eliminar todos los males.<\/p>\n<p>Por eso, esta tarde quisiera ante todo invitarlos a rezar para que este don crezca en ustedes y puedan recibir la gracia de convertirse en misioneros de esperanza. Hay much\u00edsimas personas cerca de nosotros que sufren una profunda inquietud e incluso desesperaci\u00f3n. Jes\u00fas puede disolver estas nubes, si se lo permitimos.<\/p>\n<p>Quisiera compartir tambi\u00e9n con ustedes algunas ideas sobre ciertos obst\u00e1culos que podr\u00edan encontrar en el camino de la esperanza. Todos ustedes anhelan un futuro mejor, encontrar un trabajo seguro, gozar de buena salud y bienestar, y esto es bueno. Por el bien del pueblo y de la Iglesia, desean compartir con los dem\u00e1s sus dones, sus aspiraciones y su entusiasmo, y esto es muy bueno. Pero muchas veces, cuando ven la pobreza, cuando constatan la falta de oportunidades o experimentan los fracasos en la vida, puede surgir y crecer en ustedes un sentimiento de desesperaci\u00f3n. Pueden caer en la tentaci\u00f3n de perder la esperanza.<\/p>\n<p>\u00bfHan visto alguna vez a un ni\u00f1o que se detiene en medio de la calle porque se encuentra un charco que no puede saltar ni bordear? Intenta hacerlo, pero cae y se moja. Entonces, tras varios intentos, pide ayuda a su pap\u00e1, que lo toma de la mano y lo hace pasar r\u00e1pidamente al otro lado. Nosotros somos como ese ni\u00f1o. La vida nos depara muchos charcos. No podemos superar todos los problemas y los obst\u00e1culos contando s\u00f3lo con nuestras pobres fuerzas. Sin embargo, si se lo pedimos, Dios est\u00e1 ah\u00ed, listo para tomarnos de la mano.<\/p>\n<p>Lo que quiero decir es que todos nosotros, incluso el Papa, deber\u00edamos parecernos a ese ni\u00f1o, porque s\u00f3lo cuando somos peque\u00f1os y humildes nos atrevemos a pedir ayuda a nuestro Padre. Si han tenido la experiencia de haber recibido esta ayuda, saben a qu\u00e9 me estoy refiriendo. Necesitamos aprender a poner nuestra esperanza en \u00e9l, persuadidos de que siempre est\u00e1 ah\u00ed, esper\u00e1ndonos. Esto nos inspira confianza y valor. Pero ser\u00eda un error ?y es imprescindible no olvidarlo? que no comparti\u00e9ramos esta hermosa experiencia con los dem\u00e1s. Nos equivocar\u00edamos si no nos convirti\u00e9ramos en mensajeros de esperanza para los dem\u00e1s.<\/p>\n<p>Quisiera mencionar un &#8221;charco&#8221; del todo particular que puede asustar a los j\u00f3venes que desean crecer en la amistad con Cristo. Se trata del miedo a fracasar en el compromiso asumido con el amor, sobre todo en ese ideal grande y sublime del matrimonio cristiano. Se puede tener miedo de no llegar a ser una buena esposa y una buena madre, un buen marido y un buen padre. Si nos quedamos mirando ese charco, corremos el riesgo de ver reflejadas en \u00e9l nuestras propias debilidades y miedos. Por favor, no se dobleguen ante ellos. Estos temores provienen, a veces, del diablo, que no quiere que sean felices. Pero no. Invoquen la ayuda de Dios, \u00e1branle el coraz\u00f3n y \u00c9l los aliviar\u00e1, tom\u00e1ndolos en sus brazos, y les ense\u00f1ar\u00e1 a amar. De modo especial pido a las parejas j\u00f3venes que tengan confianza en que Dios quiere bendecir su amor y su vida con su gracia en el sacramento del matrimonio. En el coraz\u00f3n del matrimonio cristiano est\u00e1 el don del amor de Dios y no la organizaci\u00f3n de suntuosas fiestas que oscurecen el profundo significado espiritual de lo que deber\u00eda ser una jubilosa celebraci\u00f3n con familiares y amigos.<\/p>\n<p>Por \u00faltimo, un &#8221;charco&#8221; al que todos debemos enfrentarnos es el miedo a ser diferentes, a ir en contra de la corriente en una sociedad que constantemente nos impulsa a adoptar modelos de bienestar y consumismo ajenos a los valores profundos de la cultura africana. Piensen qu\u00e9 dir\u00edan los m\u00e1rtires de Uganda sobre el mal uso de los modernos medios de comunicaci\u00f3n, que exponen a los j\u00f3venes a im\u00e1genes y visiones deformadas de la sexualidad que degradan la dignidad humana y s\u00f3lo conducen a la tristeza y al vac\u00edo interior. Cu\u00e1l ser\u00eda la reacci\u00f3n de los m\u00e1rtires ugandeses ante el crecimiento de la codicia y la corrupci\u00f3n en la sociedad. Seguramente les pedir\u00edan que fueran modelos de vida cristiana, con la confianza de que el amor a Cristo, la fidelidad al Evangelio y el uso racional de los dones que Dios les ha dado contribuyen a enriquecer, purificar y elevar la vida de este pa\u00eds. Ellos siguen indic\u00e1ndoles tambi\u00e9n hoy el camino. No tengan miedo a dejar que la luz de la fe brille en sus familias, en las escuelas y en los ambientes de trabajo. No tengan miedo a entrar en di\u00e1logo humilde con otras personas que puedan tener una visi\u00f3n diferente de las cosas.<\/p>\n<p>Queridos j\u00f3venes, queridos amigos, viendo sus rostros me siento lleno de esperanza: esperanza por ustedes, por su pa\u00eds y por la Iglesia. Les pido que oren para que esta esperanza que han recibido del Esp\u00edritu Santo siga inspirando sus esfuerzos para crecer en sabidur\u00eda, generosidad y bondad. No olviden ser mensajeros de esta esperanza. Y no olviden que Dios los ayudar\u00e1 a atravesar cualquier &#8221;charco&#8221; que encuentren a lo largo de su camino.<\/p>\n<p>Tengan esperanza en Cristo, pues \u00c9l les har\u00e1 encontrar la verdadera felicidad. Y si les resulta dif\u00edcil rezar y esperar, no tengan miedo de acudir a Mar\u00eda, porque ella es nuestra Madre, la Madre de la esperanza. Y por \u00faltimo les pido, por favor, que no se olviden de rezar por m\u00ed. Que Dios los bendiga.&#8221;<\/p>\n<p>Fuente: NEWS.VA<\/p>\n<!-- AddThis Advanced Settings generic via filter on the_content --><!-- AddThis Share Buttons generic via filter on the_content -->","protected":false},"excerpt":{"rendered":"<p>Encuentro con los j\u00f3venes ugandeses: Por vuestras venas corre la sangre de los m\u00e1rtires Ciudad del Vaticano, 29 de noviembre de 2015 (Vis).-Ayer tarde el [&hellip;]<!-- AddThis Advanced Settings generic via filter on get_the_excerpt --><!-- AddThis Share Buttons generic via filter on get_the_excerpt --><\/p>\n","protected":false},"author":2,"featured_media":10895,"comment_status":"open","ping_status":"open","sticky":false,"template":"","format":"standard","meta":{"footnotes":""},"categories":[161],"tags":[],"class_list":["post-10894","post","type-post","status-publish","format-standard","has-post-thumbnail","hentry","category-el-papa-leonxiv"],"_links":{"self":[{"href":"https:\/\/obispadodezaratecampana.org\/index.php?rest_route=\/wp\/v2\/posts\/10894","targetHints":{"allow":["GET"]}}],"collection":[{"href":"https:\/\/obispadodezaratecampana.org\/index.php?rest_route=\/wp\/v2\/posts"}],"about":[{"href":"https:\/\/obispadodezaratecampana.org\/index.php?rest_route=\/wp\/v2\/types\/post"}],"author":[{"embeddable":true,"href":"https:\/\/obispadodezaratecampana.org\/index.php?rest_route=\/wp\/v2\/users\/2"}],"replies":[{"embeddable":true,"href":"https:\/\/obispadodezaratecampana.org\/index.php?rest_route=%2Fwp%2Fv2%2Fcomments&post=10894"}],"version-history":[{"count":1,"href":"https:\/\/obispadodezaratecampana.org\/index.php?rest_route=\/wp\/v2\/posts\/10894\/revisions"}],"predecessor-version":[{"id":10896,"href":"https:\/\/obispadodezaratecampana.org\/index.php?rest_route=\/wp\/v2\/posts\/10894\/revisions\/10896"}],"wp:featuredmedia":[{"embeddable":true,"href":"https:\/\/obispadodezaratecampana.org\/index.php?rest_route=\/wp\/v2\/media\/10895"}],"wp:attachment":[{"href":"https:\/\/obispadodezaratecampana.org\/index.php?rest_route=%2Fwp%2Fv2%2Fmedia&parent=10894"}],"wp:term":[{"taxonomy":"category","embeddable":true,"href":"https:\/\/obispadodezaratecampana.org\/index.php?rest_route=%2Fwp%2Fv2%2Fcategories&post=10894"},{"taxonomy":"post_tag","embeddable":true,"href":"https:\/\/obispadodezaratecampana.org\/index.php?rest_route=%2Fwp%2Fv2%2Ftags&post=10894"}],"curies":[{"name":"wp","href":"https:\/\/api.w.org\/{rel}","templated":true}]}}