{"id":10891,"date":"2015-11-30T08:43:59","date_gmt":"2015-11-30T11:43:59","guid":{"rendered":"http:\/\/obispadodezaratecampana.org\/?p=10891"},"modified":"2015-11-30T08:43:59","modified_gmt":"2015-11-30T11:43:59","slug":"tiempo-de-adviento-como-preparacion-a-la-navidad","status":"publish","type":"post","link":"https:\/\/obispadodezaratecampana.org\/?p=10891","title":{"rendered":"Tiempo de Adviento como preparaci\u00f3n a la Navidad"},"content":{"rendered":"<div class=\"_1dwg\">\n<div id=\"js_2\" class=\"_5pbx userContent\" data-ft=\"{&quot;tn&quot;:&quot;K&quot;}\">\n<p><strong>+ . \u00bfQu\u00e9 es el ADVIENTO ? . +<\/strong><\/p>\n<p>La palabra latina &#8220;adventus&#8221; significa \u201cvenida\u201d. En el lenguaje cristiano se refiere a la venida de Jesucristo. La liturgia de la Iglesia da el nombre de Adviento a las cuatro semanas que preceden a la Navidad, como una oportunidad para prepararnos en la esperanza y en el arrepentimiento para la llegada del Se\u00f1or.<\/p>\n<p>El color lit\u00fargico de este tiempo es el morado que significa penitencia.<\/p>\n<p>El tiempo de Adviento es un per\u00edodo privilegiado para los cristianos ya que nos invita a recordar el pasado, nos impulsa a vivir el presente y a preparar el futuro.<\/p>\n<p>Esta es su triple finalidad:<\/p>\n<p>&#8211; Recordar el pasado: Celebrar y contemplar el nacimiento de Jes\u00fas en Bel\u00e9n. El Se\u00f1or ya vino y naci\u00f3 en Bel\u00e9n. Esta fue su venida en la carne, lleno de humildad y pobreza. Vino como uno de nosotros, hombre entre los hombres. Esta fue su primera venida.<\/p>\n<p>&#8211; Vivir el presente: Se trata de vivir en el presente de nuestra vida diaria la &#8220;presencia de Jesucristo&#8221; en nosotros y, por nosotros, en el mundo. Vivir siempre vigilantes, caminando por los caminos del Se\u00f1or, en la justicia y en el amor.<\/p>\n<p>&#8211; Preparar el futuro: Se trata de prepararnos para la Parus\u00eda o segunda venida de Jesucristo en la &#8220;majestad de su gloria&#8221;. Entonces vendr\u00e1 como Se\u00f1or y como Juez de todas las naciones, y premiar\u00e1 con el Cielo a los que han creido en \u00c9l; vivido como hijos fieles del Padre y hermanos buenos de los dem\u00e1s. Esperamos su venida gloriosa que nos traer\u00e1 la salvaci\u00f3n y la vida eterna sin sufrimientos.<\/p>\n<p>En el Evangelio, varias veces nos habla Jesucristo de la Parus\u00eda y nos dice que nadie sabe el d\u00eda ni la hora en la que suceder\u00e1. Por esta raz\u00f3n, la Iglesia nos invita en el Adviento a prepararnos para este momento a trav\u00e9s de la revisi\u00f3n y la proyecci\u00f3n:<\/p>\n<p>Aprovechando este tiempo para pensar en qu\u00e9 tan buenos hemos sido hasta ahora y lo que vamos a hacer para ser mejores que antes. Es importante saber hacer un alto en la vida para reflexionar acerca de nuestra vida espiritual y nuestra relaci\u00f3n con Dios y con el pr\u00f3jimo. Todos los d\u00edas podemos y debemos ser mejores.<\/p>\n<p>En Adviento debemos hacer un plan para que no s\u00f3lo seamos buenos en Adviento sino siempre. Analizar qu\u00e9 es lo que m\u00e1s trabajo nos cuesta y hacer prop\u00f3sitos para evitar caer de nuevo en lo mismo.<\/p>\n<p>Algo que no debes olvidar<\/p>\n<p>El adviento comprende las cuatro semanas antes de la Navidad.<br \/>\nEl adviento es tiempo de preparaci\u00f3n, esperanza y arrepentimiento de nuestros pecados para la llegada del Se\u00f1or.<br \/>\nEn el adviento nos preparamos para la navidad y la segunda venida de Cristo al mundo, cuando volver\u00e1 como Rey de todo el Universo.<br \/>\nEs un tiempo en el que podemos revisar c\u00f3mo ha sido nuestra vida espiritual, nuestra vida en relaci\u00f3n con Dios y convertirnos de nuevo.<br \/>\nEs un tiempo en el que podemos hacer un plan de vida para mejorar como personas.<\/p>\n<p>Cuida tu fe<\/p>\n<p>Esta es una \u00e9poca del a\u00f1o en la que vamos a estar \u201cbombardeados\u201d por la publicidad para comprar todo tipo de cosas, vamos a estar invitados a muchas fiestas. Todo esto puede llegar a hacer que nos olvidemos del verdadero sentido del Adviento. Esforc\u00e9monos por vivir este tiempo lit\u00fargico con profundidad, con el sentido cristiano.<br \/>\nDe esta forma viviremos la Navidad del Se\u00f1or ocupados del Se\u00f1or de la Navidad.<\/p>\n<p>Fuente:\u00a0<a style=\"color: #3b5998;\" href=\"http:\/\/l.facebook.com\/l.php?u=http%3A%2F%2FCatholic.net%2F&amp;h=0AQH7zUlxAQHAn9msZzRpxSAzDT7yRxMQGQyARur4GU0Siw&amp;enc=AZNE7vwnABiDKsSPvgUPYGMujy_VNgp6YCiU9Iof7YzE-CEJAWEGo3LT38xJroOCBmmC1pi7lU4__bRvR3_8JmbNuBRyCfM3yXukN3xYq7KBE1Qdsf5VfvPKEAHhqnVtdETXHCOJSAJCv3xUvlbz5DTjtX8vgz9RzrE1KJLm7q_X4PPFzDLw7BMChwKR3P5p4BXywD70zt0vR7nvOirxnQfV&amp;s=1\" target=\"_blank\" rel=\"nofollow\">Catholic.net<\/a><\/p>\n<p style=\"text-align: center;\"><em><span id=\"fbPhotoSnowliftCaption\" class=\"fbPhotosPhotoCaption\" style=\"color: #141823;\" tabindex=\"0\" data-ft=\"{&quot;tn&quot;:&quot;K&quot;}\"><span class=\"hasCaption\">Adoraci\u00f3n Eucar\u00edstica en la Parroquia Ntra Sra de Luj\u00e1n , en Baradero. Misi\u00f3n Juvenil Diocesana octubre 2015.<\/span><\/span><\/em><br class=\"Apple-interchange-newline\" \/>\n<\/p>\n<\/div>\n<div class=\"_3x-2\">\n<div data-ft=\"{&quot;tn&quot;:&quot;H&quot;}\">\n<div class=\"mtm\">\n<div class=\"_2a2q\">\n<div class=\"uiScaledImageContainer\"><img fetchpriority=\"high\" decoding=\"async\" class=\"scaledImageFitWidth img aligncenter\" src=\"https:\/\/scontent-mia1-1.xx.fbcdn.net\/hphotos-xap1\/v\/l\/t1.0-0\/s480x480\/12321558_1664890993796742_6397300466957261074_n.jpg?oh=a859ad0419d5cbffa4e33e3004dc779b&amp;oe=56DAE2B5\" alt=\"&quot;Adoraci\u00f3n Eucar\u00edstica en la Parroquia Ntra Sra de Luj\u00e1n , en Baradero. Misi\u00f3n Juvenil Diocesana octubre 2015.&quot;\" width=\"470\" height=\"306\" \/><\/div>\n<div class=\"uiScaledImageContainer\"><\/div>\n<div class=\"uiScaledImageContainer\" style=\"text-align: center;\"><\/div>\n<div class=\"uiScaledImageContainer\" style=\"text-align: center;\">Pesebre Parroquia Beata Calcuta, Navidad 2014, Z\u00e1rate.<\/div>\n<div class=\"uiScaledImageContainer\"><\/div>\n<div class=\"uiScaledImageContainer\"><img decoding=\"async\" class=\"scaledImageFitHeight img aligncenter\" src=\"https:\/\/fbcdn-photos-e-a.akamaihd.net\/hphotos-ak-xta1\/v\/t1.0-0\/q81\/s640x640\/12289753_1664890990463409_6727636452411238819_n.jpg?oh=eea3c0f32cbc183aa61770f683f48d99&amp;oe=56EEB30B&amp;__gda__=1457847318_458c4c49c598a6b308ecef4bfb8d4d88\" alt=\"&quot;Pesebre Parroquia Beata Calcuta, Navidad 2014, Z\u00e1rate.&quot;\" width=\"635\" height=\"236\" \/><\/div>\n<\/div>\n<\/div>\n<\/div>\n<\/div>\n<\/div>\n<div id=\"u_0_11\">\n<form id=\"u_0_v\" class=\"commentable_item\" action=\"https:\/\/www.facebook.com\/ajax\/ufi\/modify.php\" method=\"post\" data-ft=\"{&quot;tn&quot;:&quot;]&quot;}\">\n<div class=\"_57w _5vsi\" style=\"color: #9197a3;\">\n<div class=\"clearfix _5ybo _2zfm _5yhh\">\n<div id=\"u_0_w\" class=\"_3el2 lfloat _ohe\">\n<div data-reactroot=\"\">\n<div class=\"__ji _2cx6\"><a style=\"color: #627aad;\" href=\"https:\/\/www.facebook.com\/obispadozc\/posts\/1664891087130066#\">\u00a0<\/a><\/div>\n<\/div>\n<\/div>\n<\/div>\n<\/div>\n<\/form>\n<\/div>\n<!-- AddThis Advanced Settings generic via filter on the_content --><!-- AddThis Share Buttons generic via filter on the_content -->","protected":false},"excerpt":{"rendered":"<p>+ . \u00bfQu\u00e9 es el ADVIENTO ? . + La palabra latina &#8220;adventus&#8221; significa \u201cvenida\u201d. En el lenguaje cristiano se refiere a la venida de [&hellip;]<!-- AddThis Advanced Settings generic via filter on get_the_excerpt --><!-- AddThis Share Buttons generic via filter on get_the_excerpt --><\/p>\n","protected":false},"author":2,"featured_media":10892,"comment_status":"open","ping_status":"open","sticky":false,"template":"","format":"standard","meta":{"footnotes":""},"categories":[1],"tags":[],"class_list":["post-10891","post","type-post","status-publish","format-standard","has-post-thumbnail","hentry","category-noticiasdiocesanas"],"_links":{"self":[{"href":"https:\/\/obispadodezaratecampana.org\/index.php?rest_route=\/wp\/v2\/posts\/10891","targetHints":{"allow":["GET"]}}],"collection":[{"href":"https:\/\/obispadodezaratecampana.org\/index.php?rest_route=\/wp\/v2\/posts"}],"about":[{"href":"https:\/\/obispadodezaratecampana.org\/index.php?rest_route=\/wp\/v2\/types\/post"}],"author":[{"embeddable":true,"href":"https:\/\/obispadodezaratecampana.org\/index.php?rest_route=\/wp\/v2\/users\/2"}],"replies":[{"embeddable":true,"href":"https:\/\/obispadodezaratecampana.org\/index.php?rest_route=%2Fwp%2Fv2%2Fcomments&post=10891"}],"version-history":[{"count":1,"href":"https:\/\/obispadodezaratecampana.org\/index.php?rest_route=\/wp\/v2\/posts\/10891\/revisions"}],"predecessor-version":[{"id":10893,"href":"https:\/\/obispadodezaratecampana.org\/index.php?rest_route=\/wp\/v2\/posts\/10891\/revisions\/10893"}],"wp:featuredmedia":[{"embeddable":true,"href":"https:\/\/obispadodezaratecampana.org\/index.php?rest_route=\/wp\/v2\/media\/10892"}],"wp:attachment":[{"href":"https:\/\/obispadodezaratecampana.org\/index.php?rest_route=%2Fwp%2Fv2%2Fmedia&parent=10891"}],"wp:term":[{"taxonomy":"category","embeddable":true,"href":"https:\/\/obispadodezaratecampana.org\/index.php?rest_route=%2Fwp%2Fv2%2Fcategories&post=10891"},{"taxonomy":"post_tag","embeddable":true,"href":"https:\/\/obispadodezaratecampana.org\/index.php?rest_route=%2Fwp%2Fv2%2Ftags&post=10891"}],"curies":[{"name":"wp","href":"https:\/\/api.w.org\/{rel}","templated":true}]}}