{"id":10885,"date":"2015-11-22T21:27:04","date_gmt":"2015-11-23T00:27:04","guid":{"rendered":"http:\/\/obispadodezaratecampana.org\/?p=10885"},"modified":"2015-11-25T21:52:00","modified_gmt":"2015-11-26T00:52:00","slug":"22-de-noviembre-fiesta-de-cristo-rey-del-universo","status":"publish","type":"post","link":"https:\/\/obispadodezaratecampana.org\/?p=10885","title":{"rendered":"22 de Noviembre : Fiesta de Cristo Rey del Universo"},"content":{"rendered":"<p><strong>Sentido de la Festividad de Cristo Rey del Universo<\/strong><\/p>\n<p>Cristo Rey anuncia la Verdad y esa Verdad es la luz que ilumina el camino amoroso que \u00c9l ha trazado, con su V\u00eda Crucis, hacia el Reino de Dios. &#8220;Si, como dices, soy Rey. Yo para esto he nacido y para esto he venido al mundo: para dar testimonio de la verdad. Todo el que es de la verdad escucha mi voz.&#8221;(Jn 18, 37) Jes\u00fas nos revela su misi\u00f3n reconciliadora de anunciar la verdad ante el enga\u00f1o del pecado. As\u00ed como el demonio tent\u00f3 a Eva con enga\u00f1os y mentiras para que fuera desterrada, ahora Dios mismo se hace hombre y devuelve a la humanidad la posibilidad de regresar al Reino, cuando cual cordero se sacrifica amorosamente en la cruz.<\/p>\n<p>Esta fiesta celebra a Cristo como el Rey bondadoso y sencillo que como pastor gu\u00eda a su Iglesia peregrina hacia el Reino Celestial y le otorga la comuni\u00f3n con este Reino para que pueda transformar el mundo en el cual peregrina.<\/p>\n<p>La posibilidad de alcanzar el Reino de Dios fue establecida por Jesucristo, al dejarnos el Esp\u00edritu Santo que nos concede las gracias necesarias para lograr la Santidad y transformar el mundo en el amor. \u00c9sa es la misi\u00f3n que le dejo Jes\u00fas a la Iglesia al establecer su Reino.<\/p>\n<p>Se puede pensar que solo se llegar\u00e1 al Reino de Dios luego de pasar por la muerte pero la verdad es que el Reino ya est\u00e1 instalado en el mundo a trav\u00e9s de la Iglesia que peregrina al Reino Celestial. Justamente con la obra de Jesucristo, las dos realidades de la Iglesia -peregrina y celestial- se enlazan de manera definitiva, y as\u00ed se fortalece el peregrinaje con la oraci\u00f3n de los peregrinos y la gracia que reciben por medio de los sacramentos. &#8220;Todo el que es de la verdad escucha mi voz.&#8221;(Jn 18, 37) Todos los que se encuentran con el Se\u00f1or, escuchan su llamado a la Santidad y emprenden ese camino se convierten en miembros del Reino de Dios.<\/p>\n<p>&#8220;Por ellos ruego; no ruego por el mundo, sino por los que tu me has dado, porque son tuyos; y todo lo m\u00edo es tuyo y todo lo tuyo es m\u00edo; y yo he sido glorificado en ellos. Yo ya no estoy en el mundo, pero ellos si est\u00e1n en el mundo, y yo voy a ti. Padre santo, cuida en tu nombre a los que me has dado, para que sean uno como nosotros. &#8230;No te pido que los retires del mundo, sino que los guarde del Maligno. Ellos no son del mundo, como yo no soy del mundo. Santif\u00edcalos en la verdad: tu palabra es verdad.&#8221; (Jn 17, 9-11.15-17)<\/p>\n<p>\u00c9sta es la oraci\u00f3n que recita Jes\u00fas antes de ser entregado y manifiesta su deseo de que el Padre nos guarde y proteja. En esta oraci\u00f3n llena de amor hacia nosotros, Jes\u00fas pide al Padre para que lleguemos a la vida divina por la cual se ha sacrificado: &#8220;Padre santo, cuida en tu nombre a los que me has dado, para que sean uno como nosotros.&#8221; Y pide que a pesar de estar en el mundo vivamos bajo la luz de la verdad de la Palabra de Dios.<\/p>\n<p>As\u00ed Jesucristo es el Rey y el Pastor del Reino de Dios, que sac\u00e1ndonos de las tinieblas, nos gu\u00eda y cuida en nuestro camino hacia la comuni\u00f3n plena con Dios Amor.<\/p>\n<p>Fuente: ACI PRENSA<\/p>\n<p><strong>Reflexi\u00f3n del Santo Padre Francisco en la Fiesta de Cristo Rey\u00a0<\/strong><\/p>\n<p>VATICANO, 22 Nov. 15 \/ 07:58 am (ACI\/EWTN Noticias).- En la Solemnidad de Cristo Rey del Universo que la Iglesia celebra hoy, el Papa Francisco reflexion\u00f3 sobre la necesidad que tiene el cristiano, como lo hizo el buen ladr\u00f3n, de entender que la fuerza del reino del Se\u00f1or es el amor, y que \u00c9l se revela como soberano en el \u201cfracaso\u201d de la cruz en el calvario.<\/p>\n<p>Ante miles de fieles presentes, el Santo Padre explic\u00f3 que \u201cdecir que \u2018Jes\u00fas ha dado su vida por el mundo es verdad, pero es m\u00e1s bello decir: \u2018\u00a1Ha dado su vida por m\u00ed! Y hoy en la Plaza, cada uno de nosotros, diga en su coraz\u00f3n: \u2018\u00a1Ha dado su vida por m\u00ed!, para poder salvarnos a cada uno de nosotros de nuestros pecados\u201d.<\/p>\n<p>\u201cEsto, \u00bfqui\u00e9n lo entendi\u00f3? Lo entendi\u00f3 bien uno de los dos ladrones crucificados con \u00c9l, llamado el \u2018buen ladr\u00f3n\u2019, que le suplica: \u2018Jes\u00fas, acu\u00e9rdate de m\u00ed cuando entres en tu reino\u2019 (Lc 23,42). Pero este era un malhechor, era un corrupto y estaba ah\u00ed condenado a muerte por todas las maldades que hab\u00eda hecho en su vida, pero ha visto en la actitud de Jes\u00fas, en la humildad de Jes\u00fas el amor. Y esta es la fuerza del reino de Cristo: el amor.<\/p>\n<p>Tras afirmar que Cristo se ha revelado como rey en la cruz, el Papa indic\u00f3 que quien la mira \u201cno puede no ver la sorprendente gratuidad del amor, pero alguno de ustedes podr\u00eda decir: \u2018pero, \u00a1Padre, esto ha sido un fracaso!\u2019 Es justamente en el fracaso del pecado \u2013el pecado es un fracaso\u2013, en el fracaso de la ambici\u00f3n humana, que podemos ver el triunfo de la cruz, ah\u00ed est\u00e1 la gratuidad del amor\u201d.<\/p>\n<p>\u201cEn el fracaso de la cruz se ve el amor, este amor que es gratuito, que nos da Jes\u00fas. Hablar de potencia y de fuerza, para el cristiano, significa hacer referencia a la potencia de la cruz y a la fuerza del amor de Jes\u00fas: un amor que permanece firme e \u00edntegro, incluso ante el rechazo, y que se presenta como el cumplimiento de una vida donada en la total entrega de s\u00ed en favor de la humanidad\u201d, prosigui\u00f3.<br \/>\n\u201cEn el Calvario, los presentes y los jefes se burlan de Jes\u00fas clavado en la cruz y le lanzan el desaf\u00edo: \u2018\u00a1S\u00e1lvate a ti mismo bajando de la cruz!\u2019 (Mc 15,30). \u2018\u00a1S\u00e1lvate a ti mismo!\u2019. Pero parad\u00f3jicamente la verdad de Jes\u00fas es aquella que en forma de iron\u00eda le lanzan sus adversarios: \u2018\u00a1No puede salvarse a s\u00ed mismo!\u2019 (v. 31)\u201d.<\/p>\n<p>El Papa precis\u00f3 luego que \u201csi Jes\u00fas hubiese bajado de la cruz, habr\u00eda cedido a las tentaciones del pr\u00edncipe de este mundo; en cambio \u00c9l no puede salvarse a s\u00ed mismo justamente para poder salvar a los dem\u00e1s porque ha dado su vida por nosotros, por cada uno de nosotros\u201d.<\/p>\n<p>Cuando Jes\u00fas se presenta ante Pilatos como rey de un reino que \u201cno es de este mundo\u201d, esto \u201cno significa que Cristo sea rey de otro mundo, sino que es rey de otro modo, pero es rey en este mundo\u201d.<\/p>\n<p>\u201cSe trata de una contraposici\u00f3n entre dos l\u00f3gicas: la l\u00f3gica mundana que se apoya en la ambici\u00f3n, en la competencia, en el combate con las armas del miedo, del chantaje y la manipulaci\u00f3n de las conciencias. La l\u00f3gica del Evangelio, es decir la l\u00f3gica de Jes\u00fas, en cambio se expresa en la humildad y en la gratuidad, se afirma silenciosa pero eficazmente con la fuerza de la verdad\u201d.<\/p>\n<p>Contemplando al buen ladr\u00f3n, prosigui\u00f3 el Santo Padre, \u201cdigamos todos juntos lo que ha dicho el \u2018buen ladr\u00f3n\u2019: \u2018Jes\u00fas, acu\u00e9rdate de m\u00ed cuando est\u00e9s en tu reino\u2019. Todos juntos: \u2018Jes\u00fas, acu\u00e9rdate de m\u00ed cuando estar\u00e1s en tu reino\u2019. Pid\u00e1mosle a Jes\u00fas, cuando nos sintamos d\u00e9biles, pecadores, derrotados, mir\u00e9monos y digamos: \u2018Pero, Tu estas ah\u00ed. No te olvides de m\u00ed\u2019\u201d.<\/p>\n<p>Al concluir su reflexi\u00f3n, el Papa Francisco anim\u00f3 a que \u201cante tantas laceraciones en el mundo y tantas heridas en la carne de los hombres, pidamos a la Virgen Mar\u00eda que nos sostenga en nuestro compromiso de imitar a Jes\u00fas, nuestro rey, haciendo presente su reino con gestos de ternura, comprensi\u00f3n y misericordia\u201d.<\/p>\n<p>A continuaci\u00f3n el texto del Evangelio del d\u00eda sobre el que medit\u00f3 el Pont\u00edfice:<\/p>\n<p>Evangelio: Juan 18, 33b-37<br \/>\n&#8220;T\u00fa lo dices: soy rey&#8221;<\/p>\n<p>En aquel tiempo, dijo Pilatos a Jes\u00fas: &#8220;\u00bfEres t\u00fa el rey de los jud\u00edos?&#8221; Jes\u00fas le contest\u00f3: &#8220;\u00bfDices eso por tu cuenta o te lo han dicho otros de m\u00ed?&#8221; Pilatos replic\u00f3: &#8220;\u00bfAcaso soy yo jud\u00edo? Tu gente y los sumos sacerdotes te han entregado a m\u00ed; \u00bfqu\u00e9 has hecho?&#8221; Jes\u00fas le contest\u00f3: &#8220;Mi reino no es de este mundo. Si mi reino fuera de este mundo, mi guardia habr\u00eda luchado para que no cayera en manos de los jud\u00edos. Pero mi reino no es de aqu\u00ed&#8221;.<\/p>\n<p>Pilatos le dijo: &#8220;Conque, \u00bft\u00fa eres rey?&#8221; Jes\u00fas le contest\u00f3: &#8220;T\u00fa lo dices: soy rey. Yo para esto he nacido y para esto he venido al mundo; para ser testigo de la verdad. Todo el que es de la verdad escucha mi voz&#8221;.<\/p>\n<p>&nbsp;<\/p>\n<p>Fuente: ACI PRENSA<\/p>\n<!-- AddThis Advanced Settings generic via filter on the_content --><!-- AddThis Share Buttons generic via filter on the_content -->","protected":false},"excerpt":{"rendered":"<p>Sentido de la Festividad de Cristo Rey del Universo Cristo Rey anuncia la Verdad y esa Verdad es la luz que ilumina el camino amoroso [&hellip;]<!-- AddThis Advanced Settings generic via filter on get_the_excerpt --><!-- AddThis Share Buttons generic via filter on get_the_excerpt --><\/p>\n","protected":false},"author":2,"featured_media":10886,"comment_status":"open","ping_status":"open","sticky":false,"template":"","format":"standard","meta":{"footnotes":""},"categories":[161],"tags":[],"class_list":["post-10885","post","type-post","status-publish","format-standard","has-post-thumbnail","hentry","category-el-papa-leonxiv"],"_links":{"self":[{"href":"https:\/\/obispadodezaratecampana.org\/index.php?rest_route=\/wp\/v2\/posts\/10885","targetHints":{"allow":["GET"]}}],"collection":[{"href":"https:\/\/obispadodezaratecampana.org\/index.php?rest_route=\/wp\/v2\/posts"}],"about":[{"href":"https:\/\/obispadodezaratecampana.org\/index.php?rest_route=\/wp\/v2\/types\/post"}],"author":[{"embeddable":true,"href":"https:\/\/obispadodezaratecampana.org\/index.php?rest_route=\/wp\/v2\/users\/2"}],"replies":[{"embeddable":true,"href":"https:\/\/obispadodezaratecampana.org\/index.php?rest_route=%2Fwp%2Fv2%2Fcomments&post=10885"}],"version-history":[{"count":1,"href":"https:\/\/obispadodezaratecampana.org\/index.php?rest_route=\/wp\/v2\/posts\/10885\/revisions"}],"predecessor-version":[{"id":10887,"href":"https:\/\/obispadodezaratecampana.org\/index.php?rest_route=\/wp\/v2\/posts\/10885\/revisions\/10887"}],"wp:featuredmedia":[{"embeddable":true,"href":"https:\/\/obispadodezaratecampana.org\/index.php?rest_route=\/wp\/v2\/media\/10886"}],"wp:attachment":[{"href":"https:\/\/obispadodezaratecampana.org\/index.php?rest_route=%2Fwp%2Fv2%2Fmedia&parent=10885"}],"wp:term":[{"taxonomy":"category","embeddable":true,"href":"https:\/\/obispadodezaratecampana.org\/index.php?rest_route=%2Fwp%2Fv2%2Fcategories&post=10885"},{"taxonomy":"post_tag","embeddable":true,"href":"https:\/\/obispadodezaratecampana.org\/index.php?rest_route=%2Fwp%2Fv2%2Ftags&post=10885"}],"curies":[{"name":"wp","href":"https:\/\/api.w.org\/{rel}","templated":true}]}}