{"id":10879,"date":"2015-11-25T21:17:00","date_gmt":"2015-11-26T00:17:00","guid":{"rendered":"http:\/\/obispadodezaratecampana.org\/?p=10879"},"modified":"2015-11-25T21:17:00","modified_gmt":"2015-11-26T00:17:00","slug":"27-de-noviembre-fiesta-de-la-medalla-milagrosa-en-zarate","status":"publish","type":"post","link":"https:\/\/obispadodezaratecampana.org\/?p=10879","title":{"rendered":"27 de noviembre : Fiesta de la Medalla Milagrosa en Z\u00e1rate"},"content":{"rendered":"<p>La Capilla &#8220;Medalla Milagrosa&#8221; \u00a0de Villa Angus \u00a0&#8211; ubicada sobre la calle Felix Pagola, a pocas cuadras del Hospital de Z\u00e1rate, \u00a0&#8211; celebra su Fiesta Patronal el d\u00eda viernes 27 de noviembre.<\/p>\n<p>El Santo Rosario se rezar\u00e1 a las 17 hs, luego se celebrar\u00e1 \u00a0la Santa Misa. Al finalizar la liturgia, \u00a0la comunidad compartir\u00e1 un \u00e1gape a la canasta.<\/p>\n<p>El d\u00eda s\u00e1bado 28 por la ma\u00f1ana ni\u00f1os de la comunidad , recibir\u00e1n su Primera Comuni\u00f3n.<\/p>\n<p><img fetchpriority=\"high\" decoding=\"async\" class=\" wp-image-10880 aligncenter\" src=\"http:\/\/obispadodezaratecampana.org\/wp-content\/uploads\/2015\/11\/12301607_422721697924737_6930647474012613851_n-300x225.jpg\" alt=\"12301607_422721697924737_6930647474012613851_n\" width=\"432\" height=\"324\" srcset=\"https:\/\/obispadodezaratecampana.org\/wp-content\/uploads\/2015\/11\/12301607_422721697924737_6930647474012613851_n-300x225.jpg 300w, https:\/\/obispadodezaratecampana.org\/wp-content\/uploads\/2015\/11\/12301607_422721697924737_6930647474012613851_n.jpg 480w\" sizes=\"(max-width: 432px) 100vw, 432px\" \/><\/p>\n<!-- AddThis Advanced Settings generic via filter on the_content --><!-- AddThis Share Buttons generic via filter on the_content -->","protected":false},"excerpt":{"rendered":"<p>La Capilla &#8220;Medalla Milagrosa&#8221; \u00a0de Villa Angus \u00a0&#8211; ubicada sobre la calle Felix Pagola, a pocas cuadras del Hospital de Z\u00e1rate, \u00a0&#8211; celebra su Fiesta [&hellip;]<!-- AddThis Advanced Settings generic via filter on get_the_excerpt --><!-- AddThis Share Buttons generic via filter on get_the_excerpt --><\/p>\n","protected":false},"author":2,"featured_media":10880,"comment_status":"open","ping_status":"open","sticky":false,"template":"","format":"standard","meta":{"footnotes":""},"categories":[3],"tags":[],"class_list":["post-10879","post","type-post","status-publish","format-standard","has-post-thumbnail","hentry","category-noticiasparroquiales"],"_links":{"self":[{"href":"https:\/\/obispadodezaratecampana.org\/index.php?rest_route=\/wp\/v2\/posts\/10879","targetHints":{"allow":["GET"]}}],"collection":[{"href":"https:\/\/obispadodezaratecampana.org\/index.php?rest_route=\/wp\/v2\/posts"}],"about":[{"href":"https:\/\/obispadodezaratecampana.org\/index.php?rest_route=\/wp\/v2\/types\/post"}],"author":[{"embeddable":true,"href":"https:\/\/obispadodezaratecampana.org\/index.php?rest_route=\/wp\/v2\/users\/2"}],"replies":[{"embeddable":true,"href":"https:\/\/obispadodezaratecampana.org\/index.php?rest_route=%2Fwp%2Fv2%2Fcomments&post=10879"}],"version-history":[{"count":1,"href":"https:\/\/obispadodezaratecampana.org\/index.php?rest_route=\/wp\/v2\/posts\/10879\/revisions"}],"predecessor-version":[{"id":10881,"href":"https:\/\/obispadodezaratecampana.org\/index.php?rest_route=\/wp\/v2\/posts\/10879\/revisions\/10881"}],"wp:featuredmedia":[{"embeddable":true,"href":"https:\/\/obispadodezaratecampana.org\/index.php?rest_route=\/wp\/v2\/media\/10880"}],"wp:attachment":[{"href":"https:\/\/obispadodezaratecampana.org\/index.php?rest_route=%2Fwp%2Fv2%2Fmedia&parent=10879"}],"wp:term":[{"taxonomy":"category","embeddable":true,"href":"https:\/\/obispadodezaratecampana.org\/index.php?rest_route=%2Fwp%2Fv2%2Fcategories&post=10879"},{"taxonomy":"post_tag","embeddable":true,"href":"https:\/\/obispadodezaratecampana.org\/index.php?rest_route=%2Fwp%2Fv2%2Ftags&post=10879"}],"curies":[{"name":"wp","href":"https:\/\/api.w.org\/{rel}","templated":true}]}}