{"id":10873,"date":"2015-11-25T20:40:52","date_gmt":"2015-11-25T23:40:52","guid":{"rendered":"http:\/\/obispadodezaratecampana.org\/?p=10873"},"modified":"2015-11-25T20:40:52","modified_gmt":"2015-11-25T23:40:52","slug":"el-papa-francisco-ya-esta-en-africa","status":"publish","type":"post","link":"https:\/\/obispadodezaratecampana.org\/?p=10873","title":{"rendered":"+ El Papa Francisco ya esta en \u00c1frica +"},"content":{"rendered":"<p>(RV).- El Papa Francisco ya est\u00e1 en Kenia, el primero de los tres pa\u00edses que visitar\u00e1 durante su Viaje Apost\u00f3lico al continente africano, que se desarrollar\u00e1 del 25 al 30 de noviembre y en los que visitar\u00e1, adem\u00e1s; Uganda y Rep\u00fablica Centroafricana.<\/p>\n<p>Tras aterrizar en el aeropuerto de Nairobi, el Santo Padre ha sido trasladado a la Casa de Gobierno, acompa\u00f1ado por el presidente Uhuru Kenyatta, para asistir al primer encuentro con las autoridades y el cuerpo pol\u00edtico del pa\u00eds. Ante una numerosa comitiva de representantes pol\u00edticos e institucionales de diversos organismos, el presidente de Kenia ha dirigido unas palabras de bienvenida al Papa, en nombre de todo el pueblo, agradeciendo su presencia y visita como mensajero de Paz.<\/p>\n<p>Acto seguido, el Pont\u00edfice ha pronunciado un discurso agradeciendo el caluroso recibimiento del pueblo, en su primera visita a \u00c1frica.<\/p>\n<p>Como detalle particular de este primer encuentro, cabe destacar el momento previo a los discursos, en los que el Papa, acompa\u00f1ado por el presidente y por sus respectivas delegaciones; plant\u00f3 un \u00e1rbol en el jard\u00edn de la Casa de Gobierno, siguiendo la tradici\u00f3n practicada en Kenia por los j\u00f3venes escolares, de plantar \u00e1rboles para la posteridad y el beneficio de las futuras generaciones.<\/p>\n<p>Asimismo, el Santo Padre entreg\u00f3 como obsequio al presidente Kenyatta, una cuadro con la imagen del \u00abProyecto de los campanarios de la Bas\u00edlica de San Pedro\u00bb, encargada al escultor, arquitecto y pintor italiano; Gian Lorenzo Bernini. Este dise\u00f1o muestra el proyecto de la fachada de la Bas\u00edlica Vaticana, seg\u00fan la idea del arquitecto Carlo Maderno, pero con la variante de dos altas torres de campanarios que emerg\u00edan directamente desde el suelo. Los trabajos se iniciaron en el a\u00f1o 1637, pero no fueron concluidos por cuestiones t\u00e9cnicas. Estos proyectos se conservan en la actualidad en su mayor parte, en la Biblioteca Apost\u00f3lica Vaticana, de la cual se ha extra\u00eddo la imagen regalada.<\/p>\n<p>De esta manera, queda oficialmente inaugurada la primera jornada de la visita del Papa a Kenia que se prolongar\u00e1 hasta el 27 de noviembre. Los invitamos a acompa\u00f1ar al Papa Francisco en su Viaje Apost\u00f3lico a \u00c1frica, siguiendo las informaciones, radiocr\u00f3nicas y retransmisiones de los eventos en directo que Radio Vaticana en espa\u00f1ol ofrece en su Web, en su p\u00e1gina de Facebook, en el canal de Youtube The Vatican \u2013 Espa\u00f1ol y tambi\u00e9n en Twitter.<\/p>\n<p><em>EL PAPA FRANCISCO EN KENIA: EL GOBIERNO DECLARA UN D\u00cdA DE FIESTA P\u00daBLICA, ORACI\u00d3N Y REFLEXI\u00d3N<\/em><\/p>\n<p><em>\u201cEl Gobierno de Kenia ha declarado el 26 de noviembre como Fiesta P\u00fablica y un D\u00eda Nacional de Oraci\u00f3n y Reflexi\u00f3n. Como tendremos el privilegio de hospedar a Su Santidad el Papa en ese momento, \u00e9l establecer\u00e1 el tono de este d\u00eda\u201d. As\u00ed lo anunci\u00f3 ayer el Portavoz gubernamental keniata Manoah Esipisu.<\/em><\/p>\n<p><em>Con anterioridad, el gobierno hab\u00eda pedido a los empresarios que concedieran a sus empleados el tiempo necesario para asistir a los eventos que tendr\u00e1n lugar durante los dos d\u00edas de visita del Papa Francisco a Kenia.<\/em><\/p>\n<p><em>Son muchos los keniatas que han manifestado su deseo de asistir a estos hist\u00f3ricos acontecimientos, ya que han pasado 20 a\u00f1os desde la \u00faltima vez que un Papa visit\u00f3 su pa\u00eds: con anterioridad, san Juan Pablo II viaj\u00f3 a Kenia en tres ocasiones: 1980,1985 y 1995.<\/em><\/p>\n<p>Fuente: News.va<\/p>\n<!-- AddThis Advanced Settings generic via filter on the_content --><!-- AddThis Share Buttons generic via filter on the_content -->","protected":false},"excerpt":{"rendered":"<p>(RV).- El Papa Francisco ya est\u00e1 en Kenia, el primero de los tres pa\u00edses que visitar\u00e1 durante su Viaje Apost\u00f3lico al continente africano, que se [&hellip;]<!-- AddThis Advanced Settings generic via filter on get_the_excerpt --><!-- AddThis Share Buttons generic via filter on get_the_excerpt --><\/p>\n","protected":false},"author":2,"featured_media":10874,"comment_status":"open","ping_status":"open","sticky":false,"template":"","format":"standard","meta":{"footnotes":""},"categories":[161],"tags":[],"class_list":["post-10873","post","type-post","status-publish","format-standard","has-post-thumbnail","hentry","category-el-papa-leonxiv"],"_links":{"self":[{"href":"https:\/\/obispadodezaratecampana.org\/index.php?rest_route=\/wp\/v2\/posts\/10873","targetHints":{"allow":["GET"]}}],"collection":[{"href":"https:\/\/obispadodezaratecampana.org\/index.php?rest_route=\/wp\/v2\/posts"}],"about":[{"href":"https:\/\/obispadodezaratecampana.org\/index.php?rest_route=\/wp\/v2\/types\/post"}],"author":[{"embeddable":true,"href":"https:\/\/obispadodezaratecampana.org\/index.php?rest_route=\/wp\/v2\/users\/2"}],"replies":[{"embeddable":true,"href":"https:\/\/obispadodezaratecampana.org\/index.php?rest_route=%2Fwp%2Fv2%2Fcomments&post=10873"}],"version-history":[{"count":1,"href":"https:\/\/obispadodezaratecampana.org\/index.php?rest_route=\/wp\/v2\/posts\/10873\/revisions"}],"predecessor-version":[{"id":10875,"href":"https:\/\/obispadodezaratecampana.org\/index.php?rest_route=\/wp\/v2\/posts\/10873\/revisions\/10875"}],"wp:featuredmedia":[{"embeddable":true,"href":"https:\/\/obispadodezaratecampana.org\/index.php?rest_route=\/wp\/v2\/media\/10874"}],"wp:attachment":[{"href":"https:\/\/obispadodezaratecampana.org\/index.php?rest_route=%2Fwp%2Fv2%2Fmedia&parent=10873"}],"wp:term":[{"taxonomy":"category","embeddable":true,"href":"https:\/\/obispadodezaratecampana.org\/index.php?rest_route=%2Fwp%2Fv2%2Fcategories&post=10873"},{"taxonomy":"post_tag","embeddable":true,"href":"https:\/\/obispadodezaratecampana.org\/index.php?rest_route=%2Fwp%2Fv2%2Ftags&post=10873"}],"curies":[{"name":"wp","href":"https:\/\/api.w.org\/{rel}","templated":true}]}}